{"id":1274,"date":"2018-01-15T15:29:44","date_gmt":"2018-01-15T15:29:44","guid":{"rendered":"http:\/\/revistajuridica.uprrp.edu\/inrev\/?p=1274"},"modified":"2018-01-15T15:29:44","modified_gmt":"2018-01-15T15:29:44","slug":"la-caducidad-de-la-carcel-quimera-o-realidad","status":"publish","type":"post","link":"https:\/\/derecho.uprrp.edu\/inrev\/2018\/01\/15\/la-caducidad-de-la-carcel-quimera-o-realidad\/","title":{"rendered":"La Caducidad de la C\u00e1rcel: Quimera o realidad"},"content":{"rendered":"<p style=\"text-align: center\"><strong>RESE\u00d1A<\/strong><\/p>\n<p><strong>Por: Ricardo J. Costa Agosto<\/strong><a href=\"#_ftn1\" name=\"_ftnref1\"><strong>*<\/strong><\/a><\/p>\n<p>La Lcda. Iris Rosario Nieves, abogada de la Sociedad para Asistencia Legal y profesora adjunta de la Escuela de Derecho de la Universidad de Puerto Rico, comenz\u00f3 el conversatorio, <em>La Caducidad de la C\u00e1rcel,<\/em>[<a href=\"#_ftn2\" name=\"_ftnref2\">1]<\/a> citando al historiador puertorrique\u00f1o, Fernando Pic\u00f3, \u201cLa c\u00e1rcel no es la soluci\u00f3n. Es el problema. Eliminar la c\u00e1rcel debe ser una prioridad p\u00fablica\u201d.<\/p>\n<p>De esta manera, en la introducci\u00f3n del evento se plantearon varias interrogantes que urgen ser reflexionadas y atendidas acerca del sistema carcelario de nuestro Pa\u00eds. La Lcda. Rosario Nieves, tomando en cuenta las expresiones que hace Pic\u00f3 en su libro, <em>El d\u00eda menos pensado, <\/em>concluy\u00f3 que lo colocan muy cerca de importantes abolicionistas carcelarios que, \u201chan luchado por denunciar y detener la expansi\u00f3n del complejo industrial carcelario por \u00e9ste ser selectivo, discriminatorio, fuente de sufrimiento y por no atender las necesidades de las v\u00edctimas\u201d.<\/p>\n<p>Dichas expresiones se originaron en la actividad que se celebr\u00f3 el pasado viernes 12 de enero de 2018 en el Aula Magna de la Escuela de Derecho de la Universidad de Puerto Rico (UPR). La misma ten\u00eda como norte honrar el legado del profesor Pic\u00f3, quien dedic\u00f3 gran parte de su vida a cuestionar la utilidad de la c\u00e1rcel. Adem\u00e1s, propuso que nuestro sistema de correcci\u00f3n y rehabilitaci\u00f3n se convirtiera en una instituci\u00f3n educativa que promoviera el aprendizaje, la salud y la sociabilidad de quienes all\u00ed residen.<\/p>\n<p>La licenciada, adem\u00e1s, luego de un an\u00e1lisis intr\u00ednseco de lo propuesto por Pic\u00f3, concluy\u00f3 su ponencia invitando a todos a una introspecci\u00f3n. Sugiri\u00f3 que es imperativo que se utilicen las palabras del fallecido historiador como un pie forzado para analizar la reforma carcelaria y el Derecho Penal vigente.<\/p>\n<p>Del mismo modo, Fernando Guzm\u00e1n, ex alumno del Programa de Confinados Universitarios y amigo de Pic\u00f3, hizo un llamado a que se desistiera de ocultar el problema que plantea la instituci\u00f3n carcelaria en la Isla. Guzm\u00e1n expres\u00f3, \u201cSeguir encarcelando gente no ha dado resultado. Si el sistema de correcci\u00f3n se cre\u00f3 para la rehabilitaci\u00f3n y lamentablemente no est\u00e1 cumpliendo las expectativas, hay que reformar el sistema\u201d. Adem\u00e1s, indic\u00f3 que, si era una locura creer en la eliminaci\u00f3n de los sistemas carcelarios puertorrique\u00f1os, \u201cpues seamos locos\u201d.<\/p>\n<p>Por otra parte, la Hon. Migdalia Fraticelli, hizo hincapi\u00e9 en que, desde la judicatura, se ha hecho un esfuerzo genuino para garantizar el acceso a la justicia de la poblaci\u00f3n correccional. \u201cHemos tratado de concederle el mayor n\u00famero de derechos y privilegios que la situaci\u00f3n jur\u00eddica nos permite\u201d. Asimismo, puntualiz\u00f3 que, \u201cla utop\u00eda del se\u00f1or Pic\u00f3 tiene necesariamente que hacerse una realidad\u201d, haciendo referencia al proyecto educativo propuesto por el profesor como ruta a la rehabilitaci\u00f3n de los confinados.<\/p>\n<p>Un gran ejemplo del impacto que pudo tener el Programa de Estudios Universitarios sobre la rehabilitaci\u00f3n de una persona lo es Omayra Torres S\u00e1nchez, confinada en el Complejo de Rehabilitaci\u00f3n para Mujeres, en Bayam\u00f3n, y fiel defensora de los derechos de los confinados.<\/p>\n<p>Torres S\u00e1nchez, se mostr\u00f3 decepcionada con el hecho de que los derechos de los participantes de dicho programa sean revocados cuando estos se encuentran siendo parte de un proceso disciplinario. Al respecto expres\u00f3 que dicha cl\u00e1usula que le niega el privilegio de estudio al confinado deber\u00eda ser eliminada. Torres S\u00e1nchez a\u00f1adi\u00f3 que, \u201cla psiquis de cada confinado puede ser modificada con el poder de la educaci\u00f3n, no con el castigo y el trato inhumano e injusto que se pr\u00e1ctica en el llamado proceso de rehabilitaci\u00f3n\u201d.<\/p>\n<p>Por otro lado, el senador, Jos\u00e9 Vargas Vidot, en relaci\u00f3n a la idea del profesor Pic\u00f3 de desvanecer por completo la c\u00e1rcel, mencion\u00f3 que, \u201cser\u00eda genuinamente el planteamiento objetivo hacia donde deben dirigirse nuestros ojos si es que realmente se quiere hacer algo\u201d.<\/p>\n<p>La actividad concluy\u00f3 con una particular y emotiva intervenci\u00f3n del p\u00fablico en donde se hizo alusi\u00f3n a un escrito de Pic\u00f3 de hace ya veinte a\u00f1os, titulado, <em>A la Universidad desde la c\u00e1rcel: Historia de un atrevimiento.<\/em> En dicho documento, Fernando Guzm\u00e1n, quien se encontraba confinado en aqu\u00e9l entonces, expres\u00f3 su agradecimiento al profesor Pic\u00f3 por su esfuerzo y dedicaci\u00f3n al Programa de Estudio Universitario en la c\u00e1rcel. Guzm\u00e1n expres\u00f3 que, \u201cPic\u00f3 representa los valores que deseamos alcanzar como personas y es el hombre que hizo posible que se llegara a la universidad desde la c\u00e1rcel; es el hombre que hizo posible la historia de un atrevimiento; vamos a atrevernos\u201d.<\/p>\n<p>Los confinados se han atrevido a recuperarse en un sistema que se esfuerza por desaparecerlos. La pregunta sigue sobre la mesa, \u00bfcu\u00e1ndo nos atreveremos como colectivo a reformar un sistema de correcci\u00f3n obsoleto, inhumano y que fracasa con vehemencia?<\/p>\n<p>La Revista Jur\u00eddica de la UPR ofrecer\u00e1 el pr\u00f3ximo 18 de enero de 2018 el conversatorio, <em>Reforma Contributiva Federal y su efecto en Puerto Rico<\/em>, en el sal\u00f3n L-3 de la Escuela de Derecho de la UPR a las 3:00 p.m. Adem\u00e1s, el 24 de enero de 2018 tambi\u00e9n se llevar\u00e1 a cabo la actividad, <em>Revenge Porn: remedios y contornos jur\u00eddico-sociales, <\/em>en el sal\u00f3n L-3 de la Escuela de Derecho de la UPR a las 4:00 p.m. Ambas actividades estar\u00e1n abiertas al p\u00fablico general.<\/p>\n<hr \/>\n<p><a href=\"#_ftnref1\" name=\"_ftn1\">*<\/a> El autor es Redactor Digital de\u00a0<em>In Rev<\/em>\u00a0y estudiante de segundo a\u00f1o en la Escuela de Derecho de la Universidad de Puerto Rico.<\/p>\n<p><a href=\"#_ftnref2\" name=\"_ftn2\">[1]<\/a> Puede utilizar el siguiente enlace para acceder a una grabaci\u00f3n del conversatorio: Microjuris.com, <em>La caducidad de la c\u00e1rcel<\/em>, LIVESTREAM (12 de enero de 2018), <a href=\"https:\/\/livestream.com\/accounts\/470295\/events\/8006461\/videos\/168438000\">https:\/\/livestream.com\/accounts\/470295\/events\/8006461\/videos\/168438000<\/a>.\t\t<\/p>\n","protected":false},"excerpt":{"rendered":"<p>RESE\u00d1A Por: Ricardo J. Costa Agosto* La Lcda. Iris Rosario Nieves, abogada de la Sociedad para Asistencia Legal y profesora adjunta de la Escuela de Derecho de la Universidad de Puerto Rico, comenz\u00f3 el conversatorio, La Caducidad de la C\u00e1rcel,[1] citando al historiador puertorrique\u00f1o, Fernando Pic\u00f3, \u201cLa c\u00e1rcel no es la soluci\u00f3n. Es el problema.<\/p>\n<div class=\"read-more\"><a href=\"https:\/\/derecho.uprrp.edu\/inrev\/2018\/01\/15\/la-caducidad-de-la-carcel-quimera-o-realidad\/\" title=\"Read More\">Read More<\/a><\/div>\n","protected":false},"author":21,"featured_media":1275,"comment_status":"closed","ping_status":"closed","sticky":false,"template":"","format":"standard","meta":{"footnotes":""},"categories":[6],"tags":[],"class_list":{"0":"post-1274","1":"post","2":"type-post","3":"status-publish","4":"format-standard","5":"has-post-thumbnail","7":"category-resenas"},"_links":{"self":[{"href":"https:\/\/derecho.uprrp.edu\/inrev\/wp-json\/wp\/v2\/posts\/1274","targetHints":{"allow":["GET"]}}],"collection":[{"href":"https:\/\/derecho.uprrp.edu\/inrev\/wp-json\/wp\/v2\/posts"}],"about":[{"href":"https:\/\/derecho.uprrp.edu\/inrev\/wp-json\/wp\/v2\/types\/post"}],"author":[{"embeddable":true,"href":"https:\/\/derecho.uprrp.edu\/inrev\/wp-json\/wp\/v2\/users\/21"}],"replies":[{"embeddable":true,"href":"https:\/\/derecho.uprrp.edu\/inrev\/wp-json\/wp\/v2\/comments?post=1274"}],"version-history":[{"count":0,"href":"https:\/\/derecho.uprrp.edu\/inrev\/wp-json\/wp\/v2\/posts\/1274\/revisions"}],"wp:featuredmedia":[{"embeddable":true,"href":"https:\/\/derecho.uprrp.edu\/inrev\/wp-json\/wp\/v2\/media\/1275"}],"wp:attachment":[{"href":"https:\/\/derecho.uprrp.edu\/inrev\/wp-json\/wp\/v2\/media?parent=1274"}],"wp:term":[{"taxonomy":"category","embeddable":true,"href":"https:\/\/derecho.uprrp.edu\/inrev\/wp-json\/wp\/v2\/categories?post=1274"},{"taxonomy":"post_tag","embeddable":true,"href":"https:\/\/derecho.uprrp.edu\/inrev\/wp-json\/wp\/v2\/tags?post=1274"}],"curies":[{"name":"wp","href":"https:\/\/api.w.org\/{rel}","templated":true}]}}