{"id":1969,"date":"2019-10-03T08:00:00","date_gmt":"2019-10-03T12:00:00","guid":{"rendered":"http:\/\/revistajuridica.uprrp.edu\/inrev\/?p=1969"},"modified":"2019-10-03T08:00:00","modified_gmt":"2019-10-03T12:00:00","slug":"conversatorio-patrimonio-cultural","status":"publish","type":"post","link":"https:\/\/derecho.uprrp.edu\/inrev\/2019\/10\/03\/conversatorio-patrimonio-cultural\/","title":{"rendered":"CONVERSATORIO: PATRIMONIO CULTURAL"},"content":{"rendered":"\n\t\t\t\t\n<div class=\"wp-block-cover aligncenter has-background-dim\" style=\"background-image:url(https:\/\/derecho.uprrp.edu\/inrev\/wp-content\/uploads\/sites\/5\/2019\/10\/f292cbf2-53c6-4fa3-9147-b81d29dd85dd-1.jpg);min-height:143px;aspect-ratio:unset;\"><div class=\"wp-block-cover__inner-container is-layout-flow wp-block-cover-is-layout-flow\">\n<p><\/p>\n\n\n\n<p class=\"has-text-align-center has-large-font-size\"><strong>PATRIMONIO CULTURAL: LO QUE PERDEMOS <\/strong><\/p>\n<\/div><\/div>\n\n\n\n<p>SAN JUAN, PR \u2013 La Junta Editora del Volumen 89 de la\nRevista Jur\u00eddica de la Universidad de Puerto Rico te invita a darte cita al\nConversatorio <strong>Patrimonio Cultural: Lo\nque perdemos<\/strong>, el cual se llevar\u00e1 a cabo el jueves, 10 de octubre de 2019 a\nlas 5:30 p.m. en el Aula Magna de la Escuela de Derecho de la UPR. Este\nconversatorio estar\u00e1 enfocado en discutir asuntos de relevancia en cuanto a la\nprotecci\u00f3n del patrimonio hist\u00f3rico-colectivo, los derechos morales y el\npatrimonio ambiental.<\/p>\n\n\n\n<p>\u201cEste tema reviste de gran pertinencia para el\ncuerpo editorial de la Revista, considerando los poderes de la Junta de\nSupervisi\u00f3n Fiscal sobre el patrimonio hist\u00f3rico, cultural y ambiental de la\nIsla. La violenta amenaza del cambio clim\u00e1tico, los problemas de erosi\u00f3n\ncostera y el nuevo mapa de calificaci\u00f3n propuesto por la Junta de Planificaci\u00f3n\n(JP), los desastres naturales, pero sobre todo, la falta de una pol\u00edtica\np\u00fablica consistente pone en riesgo nuestro patrimonio cultural y natural\u201d,\nexplic\u00f3 Mildred Mel\u00e9ndez Otero, codirectora de la Revista Jur\u00eddica. Afirm\u00f3 que\n\u201clos temas se analizar\u00e1n desde una perspectiva cr\u00edtica, enfocada en las\noportunidades y amenazas que enfrentan en la actualidad\u201d. <\/p>\n\n\n\n<p>El patrimonio cultural es definido por la\nOrganizaci\u00f3n de las Naciones Unidas para la Educaci\u00f3n, la Ciencia y la Cultura\n(UNESCO), como un \u201cproducto y un proceso que suministra a las sociedades un\ncaudal de recursos que se heredan del pasado, se crean en el presente y se\ntransmiten a las generaciones futuras para su beneficio\u201d. Estos abarcan desde\nlugares de inter\u00e9s hist\u00f3rico y cultural, sitios y paisajes naturales y los\nbienes culturales, as\u00ed como el patrimonio inmaterial. <\/p>\n\n\n\n<div class=\"wp-block-image\"><figure class=\"alignright size-large\"><img loading=\"lazy\" decoding=\"async\" width=\"221\" height=\"310\" src=\"https:\/\/derecho.uprrp.edu\/inrev\/wp-content\/uploads\/sites\/5\/2019\/10\/Hector-Feliciano-2.png\" alt=\"\" class=\"wp-image-1978\" srcset=\"https:\/\/derecho.uprrp.edu\/inrev\/wp-content\/uploads\/sites\/5\/2019\/10\/Hector-Feliciano-2.png 221w, https:\/\/derecho.uprrp.edu\/inrev\/wp-content\/uploads\/sites\/5\/2019\/10\/Hector-Feliciano-2-214x300.png 214w\" sizes=\"auto, (max-width: 221px) 100vw, 221px\" \/><figcaption>El moderador de la actividad:                   Hector Feliciano <br><em>Foto suministrada<\/em><\/figcaption><\/figure><\/div>\n\n\n\n<p><strong>El conversatorio Patrimonio Cultural: Lo que perdemos<\/strong>, ser\u00e1 conducido por el periodista e investigador del diario <em>El Pa\u00eds<\/em> de Espa\u00f1a, H\u00e9ctor Feliciano. Feliciano cuenta una amplia trayectoria, que incluye desde su labor como corresponsal cultural en Europa para los diarios norteamericanos <em>The Washington Post<\/em> y <em>The Los \u00c1ngeles Times<\/em>, hasta publicaciones internacionales que abarcan medios como <em>Le Monde<\/em>, <em>Clar\u00edn<\/em>, <em>Etiqueta Negra<\/em>, <em>El Malpensante<\/em> y <em>Letras Libres<\/em>. Adem\u00e1s, en Par\u00eds, Francia ejerci\u00f3 como redactor en jefe de <em>World Media Network<\/em>, agrupaci\u00f3n de diarios europeos. Su libro, <em>El museo desaparecido: la conspiraci\u00f3n nazi para robar las obras maestras del arte mundial,<\/em> fue galardonado con la prestigiosa beca del <em>National Arts Journalism<\/em> de la Escuela de Periodismo de la Universidad de Columbia en Nueva York. <\/p>\n\n\n\n<p>El\nConversatorio contar\u00e1 con la participaci\u00f3n de los panelistas Carlo Andr\u00e9\nOliveras Rodr\u00edguez, creador del Proyecto Barrioization, el cual tiene la\nfinalidad de contribuir a la discusi\u00f3n del uso de terrenos y propiedades en\ndesuso; Maritza Torres Mart\u00ednez, profesora,\narque\u00f3loga, histori\u00f3grafa y muse\u00f3loga con \u00e9nfasis en asuntos legales de\nprotecci\u00f3n de patrimonio hist\u00f3rico y conservaci\u00f3n; el profesor Hiram Mel\u00e9ndez\nJuarbe, catedr\u00e1tico de la Escuela de Derecho de la UPR y cofundador del\nProyecto Creative Commons Puerto Rico; con la coordinadora de Pol\u00edtica P\u00fablica\nAmbiental y Relaciones Gubernamentales de Para La Naturaleza, Mar\u00eda Soledad\nGaztambide; el profesor Luis E. Rodr\u00edguez, catedr\u00e1tico de la Escuela de\nDerecho, este ha servido en diferentes puestos gubernamentales como Secretario del Departamento de Recursos Naturales y\nAmbientales (2002-2004) y Director Ejecutivo de la Autoridad de Desperdicios\nS\u00f3lidos (2001-2002) y &nbsp;Jessa Vivas Cap\u00f3, asesora program\u00e1tica del Instituto de\nCultura Puertorrique\u00f1a y directora interina del programa de Industrias\nCreativas.<\/p>\n\n\n\n<h4 class=\"wp-block-heading\">Algunos de los y las panelistas que participar\u00e1n en el conversatorio:<\/h4>\n\n\n\n<figure class=\"wp-block-gallery aligncenter columns-3 is-cropped wp-block-gallery-1 is-layout-flex wp-block-gallery-is-layout-flex\"><ul class=\"blocks-gallery-grid\"><li class=\"blocks-gallery-item\"><figure><img loading=\"lazy\" decoding=\"async\" width=\"478\" height=\"289\" src=\"https:\/\/derecho.uprrp.edu\/inrev\/wp-content\/uploads\/sites\/5\/2019\/10\/Jessa-Vivas-Capo.png\" alt=\"\" data-id=\"1981\" data-full-url=\"https:\/\/derecho.uprrp.edu\/inrev\/wp-content\/uploads\/sites\/5\/2019\/10\/Jessa-Vivas-Capo.png\" data-link=\"http:\/\/revistajuridica.uprrp.edu\/inrev\/?attachment_id=1981\" class=\"wp-image-1981\" srcset=\"https:\/\/derecho.uprrp.edu\/inrev\/wp-content\/uploads\/sites\/5\/2019\/10\/Jessa-Vivas-Capo.png 478w, https:\/\/derecho.uprrp.edu\/inrev\/wp-content\/uploads\/sites\/5\/2019\/10\/Jessa-Vivas-Capo-300x181.png 300w\" sizes=\"auto, (max-width: 478px) 100vw, 478px\" \/><figcaption class=\"blocks-gallery-item__caption\"> Jessa Vivas Cap\u00f3 <\/figcaption><\/figure><\/li><li class=\"blocks-gallery-item\"><figure><img decoding=\"async\" src=\"http:\/\/revistajuridica.uprrp.edu\/inrev\/wp-content\/uploads\/2019\/10\/Hiram-Mel\u00e9ndez-Juarbe-800x1024.jpg\" alt=\"\" data-id=\"1980\" data-full-url=\"http:\/\/revistajuridica.uprrp.edu\/inrev\/wp-content\/uploads\/2019\/10\/Hiram-Mel\u00e9ndez-Juarbe-e1570073045123.jpg\" data-link=\"http:\/\/revistajuridica.uprrp.edu\/inrev\/?attachment_id=1980\" class=\"wp-image-1980\" \/><figcaption class=\"blocks-gallery-item__caption\">Prof. Hiram  Mel\u00e9ndez Juarbe<\/figcaption><\/figure><\/li><li class=\"blocks-gallery-item\"><figure><img decoding=\"async\" src=\"http:\/\/revistajuridica.uprrp.edu\/inrev\/wp-content\/uploads\/2019\/10\/Soledad_Tree1-low-res-1024x683.jpg\" alt=\"\" data-id=\"1982\" data-full-url=\"https:\/\/derecho.uprrp.edu\/inrev\/wp-content\/uploads\/sites\/5\/2019\/10\/Soledad_Tree1-low-res-e1570073207293.jpg\" data-link=\"http:\/\/revistajuridica.uprrp.edu\/inrev\/?attachment_id=1982\" class=\"wp-image-1982\" \/><figcaption class=\"blocks-gallery-item__caption\"> Mar\u00eda Soledad Gaztambide <\/figcaption><\/figure><\/li><\/ul><figcaption class=\"blocks-gallery-caption\"><em>Fotos suministradas<\/em><br><br><br><\/figcaption><\/figure>\n\n\n\n<p><strong>Patrimonio Cultural:\nLo que perdemos,<\/strong> ser\u00e1 una\ngran oportunidad para fomentar la discusi\u00f3n sobre nuestra historia colectiva,\nlos derechos morales, nuestro patrimonio ambiental y las oportunidades en el\nentorno. La actividad est\u00e1 abierta al p\u00fablico general y es libre de costo.<\/p>\n\n\n\n<p>\u201cHoy m\u00e1s que nunca debemos hablar sobre\nnuestro patrimonio y buscar alternativas sustentables que nos permita\ndisfrutarlo y conservarlo a la misma vez. Invitamos a toda la comunidad a\nparticipar de este evento y a nutrirse de la informaci\u00f3n que all\u00ed se\ncompartir\u00e1\u201d, a\u00f1adieron las codirectoras de la Revista, Natalia Rodr\u00edguez Burgos\ny Roc\u00edo del Mar Rom\u00e1n Aguil\u00fa.<\/p>\n\n\n\n<p>La <em>Revista Jur\u00eddica de la Universidad de Puerto Rico<\/em> se fund\u00f3 en el\n1931, lo que la hace la instituci\u00f3n estudiantil m\u00e1s longeva en nuestra Escuela\nde Derecho. Este proyecto fue producto de la idea de dos j\u00f3venes estudiantes de\nDerecho, Manuel Rodr\u00edguez Ramos y Manuel Garc\u00eda Cabrera. Es para el 1930,\ncuando estos dos estudiantes convencen a Eulogio Riera para comenzar los planes\nde fundar una revista jur\u00eddica y, para el 1931, se uni\u00f3 Gilberto Concepci\u00f3n de\nGracia. Desde ese entonces,&nbsp;la Revista Jur\u00eddica es una fuente de Derecho\npersuasiva de gran prestigio en el entorno jur\u00eddico. Con el Volumen LXXXIX se\nmarca la primera ocasi\u00f3n en su historia en que la Junta Editora est\u00e1 conformada\ntotalmente por mujeres. <\/p>\n\n\n\n<p class=\"has-text-align-center\"># # #<\/p>\n\n\n\n<div class=\"wp-block-group\"><div class=\"wp-block-group__inner-container is-layout-flow wp-block-group-is-layout-flow\">\n<p>03 de octubre de 2019<\/p>\n\n\n\n<p> Contacto:&nbsp;&nbsp;&nbsp;&nbsp; &nbsp;&nbsp;&nbsp;&nbsp;&nbsp;&nbsp; Mildred Mel\u00e9ndez Otero <\/p>\n\n\n\n<p> \u00a0\u00a0\u00a0\u00a0\u00a0\u00a0\u00a0\u00a0\u00a0\u00a0\u00a0\u00a0\u00a0\u00a0\u00a0\u00a0\u00a0 \u00a0\u00a0\u00a0\u00a0\u00a0\u00a0      \u00a0 <a href=\"mailto:difusionrevjurupr@gmail.com\">difusionrevjurupr@gmail.com<\/a>  <\/p>\n<\/div><\/div>\n\n\n\n<hr class=\"wp-block-separator\" \/>\n\n\n\n<div class=\"wp-block-image is-style-default\"><figure class=\"aligncenter size-large\"><img loading=\"lazy\" decoding=\"async\" width=\"663\" height=\"1024\" src=\"http:\/\/revistajuridica.uprrp.edu\/inrev\/wp-content\/uploads\/2019\/10\/PC-Lo-que-perdemos-1-663x1024.jpg\" alt=\"\" class=\"wp-image-2006\" srcset=\"https:\/\/derecho.uprrp.edu\/inrev\/wp-content\/uploads\/sites\/5\/2019\/10\/PC-Lo-que-perdemos-1-663x1024.jpg 663w, https:\/\/derecho.uprrp.edu\/inrev\/wp-content\/uploads\/sites\/5\/2019\/10\/PC-Lo-que-perdemos-1-194x300.jpg 194w, https:\/\/derecho.uprrp.edu\/inrev\/wp-content\/uploads\/sites\/5\/2019\/10\/PC-Lo-que-perdemos-1-994x1536.jpg 994w, https:\/\/derecho.uprrp.edu\/inrev\/wp-content\/uploads\/sites\/5\/2019\/10\/PC-Lo-que-perdemos-1.jpg 1000w\" sizes=\"auto, (max-width: 663px) 100vw, 663px\" \/><figcaption>Afiche del Conversatorio Patrimonio Cultural: Lo que perdemos<\/figcaption><\/figure><\/div>\n\t\t","protected":false},"excerpt":{"rendered":"<p>\t\t\t\tLa Junta Editora del Volumen 89 te invita al Conversatorio &#8220;Patrimonio Cultural: Lo que perdemos&#8221; este jueves, 10 de octubre. \t\t<\/p>\n","protected":false},"author":23,"featured_media":2019,"comment_status":"closed","ping_status":"closed","sticky":true,"template":"","format":"standard","meta":{"footnotes":""},"categories":[6],"tags":[156,198],"class_list":{"0":"post-1969","1":"post","2":"type-post","3":"status-publish","4":"format-standard","5":"has-post-thumbnail","7":"category-resenas","8":"tag-conversatorio","9":"tag-patrimonio-cultural"},"_links":{"self":[{"href":"https:\/\/derecho.uprrp.edu\/inrev\/wp-json\/wp\/v2\/posts\/1969","targetHints":{"allow":["GET"]}}],"collection":[{"href":"https:\/\/derecho.uprrp.edu\/inrev\/wp-json\/wp\/v2\/posts"}],"about":[{"href":"https:\/\/derecho.uprrp.edu\/inrev\/wp-json\/wp\/v2\/types\/post"}],"author":[{"embeddable":true,"href":"https:\/\/derecho.uprrp.edu\/inrev\/wp-json\/wp\/v2\/users\/23"}],"replies":[{"embeddable":true,"href":"https:\/\/derecho.uprrp.edu\/inrev\/wp-json\/wp\/v2\/comments?post=1969"}],"version-history":[{"count":0,"href":"https:\/\/derecho.uprrp.edu\/inrev\/wp-json\/wp\/v2\/posts\/1969\/revisions"}],"wp:featuredmedia":[{"embeddable":true,"href":"https:\/\/derecho.uprrp.edu\/inrev\/wp-json\/wp\/v2\/media\/2019"}],"wp:attachment":[{"href":"https:\/\/derecho.uprrp.edu\/inrev\/wp-json\/wp\/v2\/media?parent=1969"}],"wp:term":[{"taxonomy":"category","embeddable":true,"href":"https:\/\/derecho.uprrp.edu\/inrev\/wp-json\/wp\/v2\/categories?post=1969"},{"taxonomy":"post_tag","embeddable":true,"href":"https:\/\/derecho.uprrp.edu\/inrev\/wp-json\/wp\/v2\/tags?post=1969"}],"curies":[{"name":"wp","href":"https:\/\/api.w.org\/{rel}","templated":true}]}}