{"id":814,"date":"2017-03-17T19:32:08","date_gmt":"2017-03-17T19:32:08","guid":{"rendered":"http:\/\/revistajuridica.uprrp.edu\/inrev\/?p=814"},"modified":"2017-03-17T19:32:08","modified_gmt":"2017-03-17T19:32:08","slug":"f-m-s-s","status":"publish","type":"post","link":"https:\/\/derecho.uprrp.edu\/inrev\/2017\/03\/17\/f-m-s-s\/","title":{"rendered":"F.M.S.S."},"content":{"rendered":"<p>\t\t\t\tPor: Troya<\/p>\n<p>\u201cEscribir. \u00bfMe queda otra opci\u00f3n en este mundo en que tanto estar\u00e1 siempre lejos de m\u00ed?\u201d<br \/>\n\u00bfHabr\u00e1 acaso espacio para otra palabra m\u00e1s?<br \/>\n\u00bfO quiz\u00e1s mi fortuna sea una redundancia?<\/p>\n<p>\u201cestar solo no s\u00f3lo no tiene valor, sino que la soledad es ofensa, es desperdicio, es gasto. El poeta es porque es en compa\u00f1\u00eda.\u201d<br \/>\nla soledad es<br \/>\nacci\u00f3n sin omisi\u00f3n<br \/>\nda\u00f1o sin culpa<br \/>\nnegligencia sin responsabilidad<br \/>\nY por eso no estoy solo.<br \/>\nNo escribo solo.<br \/>\nSoy un conjunto de experiencias en una sola voz.<\/p>\n<p>Una voz producto de una nueva costumbre,<br \/>\nalbacea de la generaci\u00f3n de la equidad.<\/p>\n<p>Mi voz se mezcla<br \/>\neco de lo primero<br \/>\nse combina y es<br \/>\nfuente<\/p>\n<p>Se ocupan los campos de mi mente; ya no tengo competencia.<br \/>\nNo s\u00e9 si soy o no soy.<br \/>\nSi s\u00e9 o no s\u00e9.<br \/>\nSi existo o no existo (Aunque est\u00e9 pensando).<br \/>\ns\u00e9 que soy y que existo y no estoy solo.<br \/>\nNo estamos solos en esta nada que lo ocupa todo.<br \/>\nPorque este junte es cofrad\u00eda.<br \/>\nY como el eterno retorno vuelvo nuevamente a las flores<\/p>\n<p>\u00bfHay espacio para la amistad en esta profesi\u00f3n?<br \/>\nYa no recuerdo si hablo de la poeta o de la abogada.<br \/>\nY me doy cuenta que no importa, la pregunta es la misma.<br \/>\nla respuesta,<br \/>\nmientras tanto,<br \/>\nla busco.\t\t<\/p>\n","protected":false},"excerpt":{"rendered":"<p>Por: Troya \u201cEscribir. \u00bfMe queda otra opci\u00f3n en este mundo en que tanto estar\u00e1 siempre lejos de m\u00ed?\u201d \u00bfHabr\u00e1 acaso espacio para otra palabra m\u00e1s? \u00bfO quiz\u00e1s mi fortuna sea una redundancia? \u201cestar solo no s\u00f3lo no tiene valor, sino que la soledad es ofensa, es desperdicio, es gasto. El poeta es porque es en<\/p>\n<div class=\"read-more\"><a href=\"https:\/\/derecho.uprrp.edu\/inrev\/2017\/03\/17\/f-m-s-s\/\" title=\"Read More\">Read More<\/a><\/div>\n","protected":false},"author":1,"featured_media":752,"comment_status":"closed","ping_status":"closed","sticky":false,"template":"","format":"standard","meta":{"footnotes":""},"categories":[5],"tags":[],"class_list":{"0":"post-814","1":"post","2":"type-post","3":"status-publish","4":"format-standard","5":"has-post-thumbnail","7":"category-poesia-juridica"},"_links":{"self":[{"href":"https:\/\/derecho.uprrp.edu\/inrev\/wp-json\/wp\/v2\/posts\/814","targetHints":{"allow":["GET"]}}],"collection":[{"href":"https:\/\/derecho.uprrp.edu\/inrev\/wp-json\/wp\/v2\/posts"}],"about":[{"href":"https:\/\/derecho.uprrp.edu\/inrev\/wp-json\/wp\/v2\/types\/post"}],"author":[{"embeddable":true,"href":"https:\/\/derecho.uprrp.edu\/inrev\/wp-json\/wp\/v2\/users\/1"}],"replies":[{"embeddable":true,"href":"https:\/\/derecho.uprrp.edu\/inrev\/wp-json\/wp\/v2\/comments?post=814"}],"version-history":[{"count":0,"href":"https:\/\/derecho.uprrp.edu\/inrev\/wp-json\/wp\/v2\/posts\/814\/revisions"}],"wp:featuredmedia":[{"embeddable":true,"href":"https:\/\/derecho.uprrp.edu\/inrev\/wp-json\/wp\/v2\/media\/752"}],"wp:attachment":[{"href":"https:\/\/derecho.uprrp.edu\/inrev\/wp-json\/wp\/v2\/media?parent=814"}],"wp:term":[{"taxonomy":"category","embeddable":true,"href":"https:\/\/derecho.uprrp.edu\/inrev\/wp-json\/wp\/v2\/categories?post=814"},{"taxonomy":"post_tag","embeddable":true,"href":"https:\/\/derecho.uprrp.edu\/inrev\/wp-json\/wp\/v2\/tags?post=814"}],"curies":[{"name":"wp","href":"https:\/\/api.w.org\/{rel}","templated":true}]}}