{"id":2249,"date":"2017-02-27T16:28:16","date_gmt":"2017-02-27T20:28:16","guid":{"rendered":"http:\/\/revistajuridica.uprrp.edu\/?p=2249"},"modified":"2017-02-27T16:28:16","modified_gmt":"2017-02-27T20:28:16","slug":"simposio-acceso-a-la-justicia-en-tiempos-de-crisis","status":"publish","type":"post","link":"https:\/\/derecho.uprrp.edu\/revistajuridica\/2017\/02\/27\/simposio-acceso-a-la-justicia-en-tiempos-de-crisis\/","title":{"rendered":"Simposio: Acceso a la Justicia en Tiempo de Crisis"},"content":{"rendered":"<p>Luego de quince a\u00f1os de la celebraci\u00f3n del Primer Congreso de Acceso a la Justicia, la Revista Jur\u00eddica de la Universidad de Puerto Rico se ha dado a la tarea de convocar nuevamente a diversos acad\u00e9micos, miembros de la judicatura, abogados y abogadas, estudiantes universitarios y representantes de las comunidades con el prop\u00f3sito de reflexionar sobre el impacto de la actual crisis en el acceso a la justicia en el Pa\u00eds. El simposio:\u00a0<em>Acceso a la justicia en tiempos de crisis<\/em>\u00a0se llevar\u00e1 a cabo los d\u00edas 3 y 4 de marzo en el Aula Magna de la Escuela de Derecho de la UPR.<\/p>\n<p>Este Simposio tiene como prop\u00f3sito discutir propuestas precisas sobre acceso a la justica. En primer lugar, dialogaremos sobre la adopci\u00f3n de un sistema efectivo para garantizar la representaci\u00f3n legal en casos civiles donde est\u00e9n envueltos derechos fundamentales y, por otro lado, evaluaremos el dise\u00f1o de un modelo para proveer servicios legales de forma integrada y coordinada. Consideramos que estas propuestas proveen mecanismos esenciales para fortalecer y expandir las distintas iniciativas de acceso a la justicia durante estos tiempos de crisis. Buscamos impactar y crear conciencia entre estudiantes universitarios, y abogados y abogadas que buscan atender las necesidades de una creciente poblaci\u00f3n socio-econ\u00f3micamente desventajada.<\/p>\n<p>Comenzando a las 6:30 pm, la conferencia de apertura estar\u00e1 a cargo del Dr. Efr\u00e9n Rivera Ramos, ex Decano de la Escuela de Derecho de la UPR, y contar\u00e1 con la participaci\u00f3n de distintos miembros de la comunidad de acceso a la justicia en Puerto Rico, entre ellos la Jueza Presidenta del Tribunal Supremo, Hon. Maite Oronoz Rodr\u00edguez. La discusi\u00f3n girar\u00e1 en torno a trazar los antecedentes hist\u00f3ricos, desarrollos recientes, y retos contempor\u00e1neos en nuestra lucha por procurar justicia para todos y todas. De igual forma, la Junta Editora le dedicar\u00e1 esta sesi\u00f3n de apertura, y el tercer n\u00famero del Volumen 86, a la vida del siempre defensor del acceso a la justicia en Puerto Rico, el licenciado Charles Hey Maestre.<\/p>\n<p>Durante el segundo d\u00eda del Simposio, a partir de las 9:00 am, a cada conferencia magistral le seguir\u00e1 un panel de discusi\u00f3n y reacci\u00f3n que buscar\u00e1 identificar los cursos de acci\u00f3n espec\u00edficos para la implementaci\u00f3n de nuestras propuestas principales. La primera conferencia magistral la impartir\u00e1 la Hon. Fern A. Fisher,\u00a0Jueza administradora adjunta para la Ciudad de Nueva York y Directora de programas para iniciativas de acceso a la justicia del estado de Nueva York. En la tarde, la segunda conferencia magistral estar\u00e1 a cargo de la profesora Deborah L. Rhode de la Escuela de Derecho de la Universidad de Stanford y reconocida acad\u00e9mica en temas de \u00c9tica y Responsabilidad Profesional, derechos de la mujer y acceso a la justicia.\u00a0Entre ambas conferencias habr\u00e1 un panel compuesto por Redactores de nuestra Revista Jur\u00eddica, quienes estar\u00e1n presentando sus investigaciones sobre distintas iniciativas de acceso a la justicia.<\/p>\n<p>Para m\u00e1s informaci\u00f3n sobre los dem\u00e1s panelistas, v\u00e9ase el programa <a href=\"http:\/\/revistajuridica.uprrp.edu\/wp-content\/uploads\/2017\/02\/Programa_Simposio-Acceso-a-la-justicia-en-tiempos-de-crisis.pdf\">aqu\u00ed<\/a>.\u00a0El Simposio es abierto al p\u00fablico en general y libre de costo. Si interesa asistir, favor de confirmar su asistencia llamando al 787-999-9665 o enviando un correo electr\u00f3nico a: <a href=\"mailto:revjurupr@gmail.com\">revjurupr@gmail.com<\/a>.\u00a0Se reservar\u00e1n espacios limitados para abogados y abogadas que deseen asistir a la actividad para recibir cr\u00e9ditos de\u00a0<em>Educaci\u00f3n Jur\u00eddica Continua<\/em>. Para informaci\u00f3n sobre los costos por cr\u00e9dito y hora, favor de contactar al Fideicomiso de la Escuela de Derecho llamando al\u00a0787-999-9605 o v\u00eda correo electr\u00f3nico a:\u00a0<a href=\"mailto:educacionjuridica.continua@upr.edu\">educacionjuridica.continua@upr.edu<\/a>.<\/p>\n","protected":false},"excerpt":{"rendered":"<p>Luego de quince a\u00f1os de la celebraci\u00f3n del Primer Congreso de Acceso a la Justicia, la Revista Jur\u00eddica de la Universidad de Puerto Rico se ha dado a la tarea de convocar nuevamente a diversos acad\u00e9micos, miembros de la judicatura, abogados y abogadas, estudiantes universitarios y representantes de las comunidades con el prop\u00f3sito de reflexionar<\/p>\n<div class=\"read-more\"><a href=\"https:\/\/derecho.uprrp.edu\/revistajuridica\/2017\/02\/27\/simposio-acceso-a-la-justicia-en-tiempos-de-crisis\/\" title=\"Read More\">Read More<\/a><\/div>\n","protected":false},"author":17,"featured_media":2250,"comment_status":"closed","ping_status":"closed","sticky":false,"template":"","format":"standard","meta":{"footnotes":""},"categories":[3],"tags":[],"class_list":{"0":"post-2249","1":"post","2":"type-post","3":"status-publish","4":"format-standard","5":"has-post-thumbnail","7":"category-noticias"},"_links":{"self":[{"href":"https:\/\/derecho.uprrp.edu\/revistajuridica\/wp-json\/wp\/v2\/posts\/2249","targetHints":{"allow":["GET"]}}],"collection":[{"href":"https:\/\/derecho.uprrp.edu\/revistajuridica\/wp-json\/wp\/v2\/posts"}],"about":[{"href":"https:\/\/derecho.uprrp.edu\/revistajuridica\/wp-json\/wp\/v2\/types\/post"}],"author":[{"embeddable":true,"href":"https:\/\/derecho.uprrp.edu\/revistajuridica\/wp-json\/wp\/v2\/users\/17"}],"replies":[{"embeddable":true,"href":"https:\/\/derecho.uprrp.edu\/revistajuridica\/wp-json\/wp\/v2\/comments?post=2249"}],"version-history":[{"count":0,"href":"https:\/\/derecho.uprrp.edu\/revistajuridica\/wp-json\/wp\/v2\/posts\/2249\/revisions"}],"wp:featuredmedia":[{"embeddable":true,"href":"https:\/\/derecho.uprrp.edu\/revistajuridica\/wp-json\/wp\/v2\/media\/2250"}],"wp:attachment":[{"href":"https:\/\/derecho.uprrp.edu\/revistajuridica\/wp-json\/wp\/v2\/media?parent=2249"}],"wp:term":[{"taxonomy":"category","embeddable":true,"href":"https:\/\/derecho.uprrp.edu\/revistajuridica\/wp-json\/wp\/v2\/categories?post=2249"},{"taxonomy":"post_tag","embeddable":true,"href":"https:\/\/derecho.uprrp.edu\/revistajuridica\/wp-json\/wp\/v2\/tags?post=2249"}],"curies":[{"name":"wp","href":"https:\/\/api.w.org\/{rel}","templated":true}]}}