{"id":2487,"date":"2017-05-22T14:16:21","date_gmt":"2017-05-22T18:16:21","guid":{"rendered":"http:\/\/revistajuridica.uprrp.edu\/?p=2487"},"modified":"2017-05-22T14:16:21","modified_gmt":"2017-05-22T18:16:21","slug":"seleccionada-junta-editora-del-volumen-lxxxvii","status":"publish","type":"post","link":"https:\/\/derecho.uprrp.edu\/revistajuridica\/2017\/05\/22\/seleccionada-junta-editora-del-volumen-lxxxvii\/","title":{"rendered":"Seleccionada: Junta Editora del Volumen LXXXVII"},"content":{"rendered":"<div class=\"gmail_default\">\n<div class=\"gmail_default\"><span style=\"color: #000000\">Con mucha alegr\u00eda y entusiasmo les anunciamos el equipo elegido para continuar con las riendas de esta longeva organizaci\u00f3n.\u00a0La mera existencia de la Revista requiere un m\u00ednimo de esfuerzo que muchos son capaces de realizar. Sin embargo, la Revista no se convirti\u00f3 en la publicaci\u00f3n jur\u00eddica de m\u00e1s importancia en el Pa\u00eds por su mera existencia. La pertinencia y la vigencia que la Revista tiene hoy d\u00eda -y la que pueda tener ma\u00f1ana- dependen de un esfuerzo adicional de personas capaces y comprometidas, y con la habilidad de innovar y mantener la tradici\u00f3n.\u00a0<\/span><\/div>\n<div class=\"gmail_default\"><span style=\"color: #000000\">Hemos identificado estas caracter\u00edsticas, junto a muchas otras, en las personas seleccionadas. Luego de un a\u00f1o trabajando a la cabeza de esta organizaci\u00f3n, estamos convencidos y convencidas de que la dejamos en mejores manos.<\/span><\/div>\n<\/div>\n<div class=\"gmail_default\"><span style=\"color: #000000\">La Junta del Volumen LXXXVII est\u00e1 compuesta por:<\/span><\/div>\n<div class=\"gmail_default\">\n<div class=\"gmail_default\">\n<div class=\"gmail_default\">\n<div class=\"gmail_default\">\n<p><span style=\"color: #000000\">Juan G.\u00a0\u00c1lvarez Valent\u00edn, Director\u00a0<\/span><\/p>\n<p><span style=\"color: #000000\">Jos\u00e9 J. Col\u00f3n Garc\u00eda, Director asociado<\/span><\/p>\n<p><span style=\"color: #000000\">Grecia D\u00edaz S\u00e1nchez, Directora asociada<\/span><\/p>\n<p><span style=\"color: #000000\">Victoria Rivera Llorens, Directora asociada<\/span><\/p>\n<p><span style=\"color: #000000\">Natalia Vil\u00e1 Palacios, Directora asociada<\/span><\/p>\n<\/div>\n<\/div>\n<div class=\"gmail_default\"><\/div>\n<div class=\"gmail_default\"><span style=\"color: #000000\">Nuestras m\u00e1s calurosas y respetuosas felicitaciones\u00a0a los seleccionados.\u00a0<\/span><\/div>\n<\/div>\n<\/div>\n","protected":false},"excerpt":{"rendered":"<p>Con mucha alegr\u00eda y entusiasmo les anunciamos el equipo elegido para continuar con las riendas de esta longeva organizaci\u00f3n.\u00a0La mera existencia de la Revista requiere un m\u00ednimo de esfuerzo que muchos son capaces de realizar. Sin embargo, la Revista no se convirti\u00f3 en la publicaci\u00f3n jur\u00eddica de m\u00e1s importancia en el Pa\u00eds por su mera<\/p>\n<div class=\"read-more\"><a href=\"https:\/\/derecho.uprrp.edu\/revistajuridica\/2017\/05\/22\/seleccionada-junta-editora-del-volumen-lxxxvii\/\" title=\"Read More\">Read More<\/a><\/div>\n","protected":false},"author":17,"featured_media":1164,"comment_status":"closed","ping_status":"closed","sticky":false,"template":"","format":"standard","meta":{"footnotes":""},"categories":[3],"tags":[],"class_list":{"0":"post-2487","1":"post","2":"type-post","3":"status-publish","4":"format-standard","5":"has-post-thumbnail","7":"category-noticias"},"_links":{"self":[{"href":"https:\/\/derecho.uprrp.edu\/revistajuridica\/wp-json\/wp\/v2\/posts\/2487","targetHints":{"allow":["GET"]}}],"collection":[{"href":"https:\/\/derecho.uprrp.edu\/revistajuridica\/wp-json\/wp\/v2\/posts"}],"about":[{"href":"https:\/\/derecho.uprrp.edu\/revistajuridica\/wp-json\/wp\/v2\/types\/post"}],"author":[{"embeddable":true,"href":"https:\/\/derecho.uprrp.edu\/revistajuridica\/wp-json\/wp\/v2\/users\/17"}],"replies":[{"embeddable":true,"href":"https:\/\/derecho.uprrp.edu\/revistajuridica\/wp-json\/wp\/v2\/comments?post=2487"}],"version-history":[{"count":0,"href":"https:\/\/derecho.uprrp.edu\/revistajuridica\/wp-json\/wp\/v2\/posts\/2487\/revisions"}],"wp:featuredmedia":[{"embeddable":true,"href":"https:\/\/derecho.uprrp.edu\/revistajuridica\/wp-json\/wp\/v2\/media\/1164"}],"wp:attachment":[{"href":"https:\/\/derecho.uprrp.edu\/revistajuridica\/wp-json\/wp\/v2\/media?parent=2487"}],"wp:term":[{"taxonomy":"category","embeddable":true,"href":"https:\/\/derecho.uprrp.edu\/revistajuridica\/wp-json\/wp\/v2\/categories?post=2487"},{"taxonomy":"post_tag","embeddable":true,"href":"https:\/\/derecho.uprrp.edu\/revistajuridica\/wp-json\/wp\/v2\/tags?post=2487"}],"curies":[{"name":"wp","href":"https:\/\/api.w.org\/{rel}","templated":true}]}}