{"id":2554,"date":"2017-06-04T13:16:19","date_gmt":"2017-06-04T17:16:19","guid":{"rendered":"http:\/\/revistajuridica.uprrp.edu\/?p=2554"},"modified":"2017-06-04T13:16:19","modified_gmt":"2017-06-04T17:16:19","slug":"el-acceso-a-la-justicia-en-puerto-rico-antecedentes-desarrollos-retos","status":"publish","type":"post","link":"https:\/\/derecho.uprrp.edu\/revistajuridica\/2017\/06\/04\/el-acceso-a-la-justicia-en-puerto-rico-antecedentes-desarrollos-retos\/","title":{"rendered":"El acceso a la justicia en Puerto Rico: Antecedentes, desarrollos y retos"},"content":{"rendered":"<p style=\"text-align: justify\">El profesor Efr\u00e9n Rivera Ramos elabora un an\u00e1lisis sobre los antecedentes hist\u00f3ricos y los retos principales a enfrentar para lograr el mayor acceso posible a la justicia en la sociedad puertorrique\u00f1a.\u00a0 Reitera que el acceso a la justicia no se limita al acceso a los tribunales y que es necesario que se atiendan las ra\u00edces del problema de acceso a la justicia. Adem\u00e1s, sostiene que el acceso a la justicia es un derecho fundamental y un concepto central en el \u00e1mbito m\u00e1s amplio de la justicia. Algunas de sus propuestas son: que la poblaci\u00f3n debe seguir educ\u00e1ndose sobre sus derechos y que la representaci\u00f3n legal debe ser m\u00e1s eficiente en responder a las necesidades de la poblaci\u00f3n. Adem\u00e1s, que la innovaci\u00f3n en la legislaci\u00f3n es necesaria para fortalecer el respeto de los derechos humanos y de las libertades fundamentales.<\/p>\n<p style=\"text-align: justify\">Professor Efr\u00e9n Rivera Ramos elaborates an analysis on the historical background and the main challenges to be faced in order to achieve the greatest possible access to justice in Puerto Rican society. The Professor reiterates that access to justice is not limited to access to the courts and that the roots of the problem of access to justice need to be addressed. Moreover, he argues that access to justice is a core fundamental right and a central concept in the broader field of justice. Some of his proposals are: that the population should continue to educate themselves about their rights and that legal representation should be more efficient in responding to the needs of the population. In addition, innovation in legislation is necessary to strengthen respect for human rights and fundamental freedoms.<\/p>\n<p><strong>Cita: <\/strong>Efr\u00e9n Rivera Ramos,\u00a0<em>El Acceso a la Justicia en Puerto Rico: Antecedentes, desarrollos y retos<\/em>,\u00a086 Rev. Jur. UPR 801 (2017).<\/p>\n<p><a href=\"http:\/\/revistajuridica.uprrp.edu\/wp-content\/uploads\/2017\/07\/01.-El-acceso-a-la-justicia-en-Puerto-Rico-86REVJURUPR801.pdf\" target=\"_blank\" rel=\"noopener\">Enlace PDF (+)<\/a><\/p>\n","protected":false},"excerpt":{"rendered":"<p>Efr\u00e9n Rivera Ramos, 86 Rev. Jur. UPR 801 (2017).<\/p>\n","protected":false},"author":17,"featured_media":0,"comment_status":"closed","ping_status":"closed","sticky":false,"template":"","format":"standard","meta":{"footnotes":""},"categories":[88],"tags":[],"class_list":{"0":"post-2554","1":"post","2":"type-post","3":"status-publish","4":"format-standard","6":"category-rev86-num3"},"_links":{"self":[{"href":"https:\/\/derecho.uprrp.edu\/revistajuridica\/wp-json\/wp\/v2\/posts\/2554","targetHints":{"allow":["GET"]}}],"collection":[{"href":"https:\/\/derecho.uprrp.edu\/revistajuridica\/wp-json\/wp\/v2\/posts"}],"about":[{"href":"https:\/\/derecho.uprrp.edu\/revistajuridica\/wp-json\/wp\/v2\/types\/post"}],"author":[{"embeddable":true,"href":"https:\/\/derecho.uprrp.edu\/revistajuridica\/wp-json\/wp\/v2\/users\/17"}],"replies":[{"embeddable":true,"href":"https:\/\/derecho.uprrp.edu\/revistajuridica\/wp-json\/wp\/v2\/comments?post=2554"}],"version-history":[{"count":0,"href":"https:\/\/derecho.uprrp.edu\/revistajuridica\/wp-json\/wp\/v2\/posts\/2554\/revisions"}],"wp:attachment":[{"href":"https:\/\/derecho.uprrp.edu\/revistajuridica\/wp-json\/wp\/v2\/media?parent=2554"}],"wp:term":[{"taxonomy":"category","embeddable":true,"href":"https:\/\/derecho.uprrp.edu\/revistajuridica\/wp-json\/wp\/v2\/categories?post=2554"},{"taxonomy":"post_tag","embeddable":true,"href":"https:\/\/derecho.uprrp.edu\/revistajuridica\/wp-json\/wp\/v2\/tags?post=2554"}],"curies":[{"name":"wp","href":"https:\/\/api.w.org\/{rel}","templated":true}]}}