{"id":2722,"date":"2017-07-08T16:58:10","date_gmt":"2017-07-08T20:58:10","guid":{"rendered":"http:\/\/revistajuridica.uprrp.edu\/?p=2722"},"modified":"2017-07-08T16:58:10","modified_gmt":"2017-07-08T20:58:10","slug":"derecho-laboral-2","status":"publish","type":"post","link":"https:\/\/derecho.uprrp.edu\/revistajuridica\/2017\/07\/08\/derecho-laboral-2\/","title":{"rendered":"Derecho Laboral"},"content":{"rendered":"<p style=\"text-align: justify\">Los autores analizan dos casos que tienen un efecto sobre las relaciones laborales en Puerto Rico. La primera parte del escrito considera y contrasta lo que era el estado de derecho previo a la resoluci\u00f3n del caso de Torres \u00c1lvarez et. al. v. Centro de Patolog\u00eda Avanzada de Puerto Rico, C.S.P. y el efecto posterior que tuvo respecto a si la agresi\u00f3n, como primera ofensa, constituye o no una justa causa para el despido de un empleado-agresor. La segunda parte del escrito analiza lo que constituye un \u201clugar habilitado\u201d, seg\u00fan la \u201cLey para Reglamentar el Per\u00edodo de Lactancia o Extracci\u00f3n de Leche Materna\u201d, a la luz de una decisi\u00f3n del Tribunal Supremo. Adem\u00e1s, discuten los remedios que tienen disponible las madres obreras en casos donde el patrono no provee las facilidades necesarias para la extracci\u00f3n de leche materna.<\/p>\n<p style=\"text-align: justify\">The authors analyze two court decisions that have an effect on labor relations in Puerto Rico. The first part of the article considers and contrasts the rule of law before the resolution of the case of Torres \u00c1lvarez et. al. v. Centro de Patolog\u00eda Avanzada de Puerto Rico, C.S.P. and the subsequent effect it had on whether the aggression, as a first offense, constitutes a just cause for dismissal of an employee-aggressor. The second part analyzes what constitutes a &#8220;habilitated place&#8221;, according to the \u201cLaw to Regulate the Period of Lactation or Extraction of Breast Milk\u201d, in the light of a decision of the Supreme Court. In addition, they discuss the remedies available to working mothers in cases where the employer does not provide the necessary facilities for the extraction of breast milk.<\/p>\n<p style=\"text-align: justify\"><strong>Cita: <\/strong>Jaime L. Sanabria Monta\u00f1ez &amp; Anfranz V\u00e1zquez Bragan,\u00a0<em>Derecho Laboral<\/em>, 86 Rev. Jur. UPR 646 (2017).<\/p>\n<p style=\"text-align: justify\"><a href=\"http:\/\/revistajuridica.uprrp.edu\/wp-content\/uploads\/2017\/07\/11.-Derecho-Laboral-86-REVJURUPR-646.pdf\" target=\"_blank\" rel=\"noopener\">\u00a0Enlace PDF(+)<\/a><\/p>\n","protected":false},"excerpt":{"rendered":"<p>Jaime L. Sanabria Monta\u00f1ez &amp; Anfranz V\u00e1zquez Bragan\ufeff, 86 Rev. Jur. UPR 646 (2017).<\/p>\n","protected":false},"author":17,"featured_media":0,"comment_status":"closed","ping_status":"closed","sticky":false,"template":"","format":"standard","meta":{"footnotes":""},"categories":[79],"tags":[],"class_list":{"0":"post-2722","1":"post","2":"type-post","3":"status-publish","4":"format-standard","6":"category-volumen-86-num-2"},"_links":{"self":[{"href":"https:\/\/derecho.uprrp.edu\/revistajuridica\/wp-json\/wp\/v2\/posts\/2722","targetHints":{"allow":["GET"]}}],"collection":[{"href":"https:\/\/derecho.uprrp.edu\/revistajuridica\/wp-json\/wp\/v2\/posts"}],"about":[{"href":"https:\/\/derecho.uprrp.edu\/revistajuridica\/wp-json\/wp\/v2\/types\/post"}],"author":[{"embeddable":true,"href":"https:\/\/derecho.uprrp.edu\/revistajuridica\/wp-json\/wp\/v2\/users\/17"}],"replies":[{"embeddable":true,"href":"https:\/\/derecho.uprrp.edu\/revistajuridica\/wp-json\/wp\/v2\/comments?post=2722"}],"version-history":[{"count":0,"href":"https:\/\/derecho.uprrp.edu\/revistajuridica\/wp-json\/wp\/v2\/posts\/2722\/revisions"}],"wp:attachment":[{"href":"https:\/\/derecho.uprrp.edu\/revistajuridica\/wp-json\/wp\/v2\/media?parent=2722"}],"wp:term":[{"taxonomy":"category","embeddable":true,"href":"https:\/\/derecho.uprrp.edu\/revistajuridica\/wp-json\/wp\/v2\/categories?post=2722"},{"taxonomy":"post_tag","embeddable":true,"href":"https:\/\/derecho.uprrp.edu\/revistajuridica\/wp-json\/wp\/v2\/tags?post=2722"}],"curies":[{"name":"wp","href":"https:\/\/api.w.org\/{rel}","templated":true}]}}