{"id":3028,"date":"2017-07-14T12:30:05","date_gmt":"2017-07-14T16:30:05","guid":{"rendered":"http:\/\/revistajuridica.uprrp.edu\/?p=3028"},"modified":"2022-06-27T16:01:28","modified_gmt":"2022-06-27T16:01:28","slug":"comunicado-de-prensa-publicacion-del-volumen-lxxxvi","status":"publish","type":"post","link":"https:\/\/derecho.uprrp.edu\/revistajuridica\/2017\/07\/14\/comunicado-de-prensa-publicacion-del-volumen-lxxxvi\/","title":{"rendered":"Comunicado de Prensa: Publicaci\u00f3n del Volumen LXXXVI"},"content":{"rendered":"<p style=\"text-align: center;\"><strong>Comunicado de Prensa: Publicaci\u00f3n del Volumen <\/strong><strong>LXXXVI <\/strong><\/p>\n<p style=\"text-align: justify;\">La Revista Jur\u00eddica de la Universidad de Puerto Rico con mucho entusiasmo presenta a la comunidad jur\u00eddica y al Pa\u00eds su octog\u00e9sima sexta publicaci\u00f3n, la cual se encuentra disponible libre de costo en su p\u00e1gina web: <a href=\"https:\/\/derecho.uprrp.edu\/revistajuridica\/volumenes\/revista-juridica-upr\/\" target=\"_blank\" rel=\"noopener\">https:\/\/derecho.uprrp.edu\/revistajuridica\/volumenes\/revista-juridica-upr\/<\/a>.<\/p>\n<p style=\"text-align: justify;\">El primero N\u00famero dedicado al <em>Tema Libre<\/em> contiene un grupo variado de art\u00edculos sobre diversos temas de pertinencia actual. Entre los cuales destacamos,\u00a0<em>Promesa Incumplida,<\/em> en donde el profesor Carlos E. D\u00edaz Olivo y el estudiante Edwin V\u00e9lez Borrero examinan la relaci\u00f3n pol\u00edtica y econ\u00f3mica entre Puerto Rico y los Estados Unidos a luz de la jurisprudencia m\u00e1s reciente de la Corte Suprema y la Ley P.R.O.M.E.S.A., y la tesis doctoral de la profesora Iris Rosario, <em>La capacidad disminuida como reto a las renuncias de jurisdicci\u00f3n<\/em>, el cual analiza detalladamente el desarrollo de las renuncias de jurisdicci\u00f3n para menores en los Estados Unidos y Puerto Rico, y argumenta que a pesar de que la Corte Suprema de los Estados Unidos reconoce la capacidad disminuida de los menores, las caracter\u00edsticas del menor se convierten ir\u00f3nicamente en los fundamentos para juzgarlo como adulto. Este N\u00famero, adem\u00e1s, examina distintas controversias relacionadas a la econom\u00eda de Puerto Rico, el Derecho Internacional en el Mar del Sur de China, un an\u00e1lisis te\u00f3rico sobre la construcci\u00f3n social del g\u00e9nero y el formalismo jur\u00eddico que limita la diversidad sexual y recoge dos ponencias presentadas en la actividad sobre los treinta a\u00f1os del <em>Esquema para el an\u00e1lisis de Derecho Civil Patrimonial<\/em> del profesor Michel Godreau. Por \u00faltimo, como pre\u00e1mbulo al N\u00famero, presentamos los dos poemas ganadores de la primera Competencia de Poes\u00eda Jur\u00eddica Efr\u00e9n Rivera Ramos.<\/p>\n<p style=\"text-align: justify;\">Por su parte, el N\u00famero del <em>An\u00e1lisis del T\u00e9rmino<\/em> se distingue por presentar de manera clara el efecto y relevancia de las decisiones vertidas por el Tribunal Supremo de Puerto Rico y algunas de la Corte Suprema de los Estados Unidos. Este segundo N\u00famero contiene, adem\u00e1s de las materias tradicionales de Derecho, una nota t\u00e9cnica sobre la valorizaci\u00f3n de da\u00f1os en materia de Responsabilidad Civil Extracontractual por el profesor de Econom\u00eda y Derecho, Jaime del Valle Caballero, y un an\u00e1lisis de la legislaci\u00f3n reciente en el campo de Derecho Administrativo, por el profesor y juez Gerardo Flores Garc\u00eda, y de la nueva <em>Ley hipotecaria <\/em>y las enmiendas a la<em> Ley de aranceles<\/em>, por la profesora Lourdes Quintana Llorens.<\/p>\n<p style=\"text-align: justify;\">Luego de quince a\u00f1os de la celebraci\u00f3n del primer Congreso de Acceso a la Justicia, la Revista Jur\u00eddica se dio a la tarea de convocar nuevamente, mediante la celebraci\u00f3n del simposio <em>Acceso a la justicia en tiempos de crisis<\/em>, a diversos acad\u00e9micos, miembros de la judicatura, abogados y abogadas, estudiants aes de Derecho y representantes de las comunidades con el fin de reflexionar sobre el impacto de la crisis actual en el acceso a la justicia en Puerto Rico. El tercer N\u00famero recoge las ponencias de los oradores principales y de dos miembros que participaron de los paneles de discusi\u00f3n y reacci\u00f3n, celebrados el pasado 3 y 4 de marzo de 2017. Asimismo, contiene los escritos realizados por estudiantes, redactores y editores de nuestro Cuerpo Editorial, que investigaron una serie de problem\u00e1ticas precisas sobre el acceso a la justicia. En particular resaltamos la conferencia de apertura ofrecida por el profesor y ex decano de nuestra Escuela, Efr\u00e9n Rivera Ramos y las conferencias magistrales de nuestras dos invitadas estadounidenses: la Hon. Fern A. Fisher, Jueza administradora adjunta para la Ciudad de Nueva York y Directora de programas para iniciativas de acceso a la justicia del estado de Nueva York y la profesora Deborah L. Rhode de la Escuela de Derecho de la Universidad de Stanford. Por \u00faltimo, este n\u00famero incluye la conferencia magistral del tercer Congreso de Derecho Administrativo dictada por el juez asociado del Tribunal Supremo de Puerto Rico, Hon. Luis F. Estrella Mart\u00ednez.<\/p>\n<p style=\"text-align: justify;\">El cuarto N\u00famero responde a la pol\u00edtica editorial de esta Junta Editora de trabajar el tema jur\u00eddico sobre Derecho Laboral y Legislaci\u00f3n social protectora del trabajo, el cual ha cobrado mucho auge en este momento hist\u00f3rico; sobre todo a la luz de la aprobaci\u00f3n de la Reforma Laboral en Puerto Rico. Damos apertura al N\u00famero con un art\u00edculo en el cual la profesora Emmalind Garc\u00eda Garc\u00eda explica en detalle los efectos de la pieza legislativa antes mencionada. Por su parte, el estudiante Christian Arvelo Forteza estudia espec\u00edficamente la doctrina de despido injustificado luego de la Reforma Laboral. La estudiante Diana Beltr\u00e9 Acevedo y la abogada Yobanni D\u00edaz Borrero trabajan el tema del discrimen y el ejercicio de las libertades religiosas en el empleo. Por otro lado, el abogado Reinaldo Figueroa Ramos atiende un tema olvidado por la legislaci\u00f3n social protectora del trabajo: el incumplimiento con la promesa de empleo. Finalmente, cerramos este n\u00famero con dos art\u00edculos sobre temas obrero-patronales. En el primero, de la abogada Karla Monta\u00f1ez, se explora el desarrollo jurisprudencial sobre las cuotas unionales y su relaci\u00f3n con el derecho a la libertad de expresi\u00f3n, en su modalidad del derecho a no asociarse. En el segundo, del abogado y l\u00edder unionista Luis Ben\u00edtez Burgos, se examina la aplicaci\u00f3n del Derecho Probatorio a los arbitrajes obrero-patronales.<\/p>\n<p style=\"text-align: justify;\">\u00a1Les exhortamos a que accedan a nuestra p\u00e1gina web y descarguen los art\u00edculos del Volumen 86! Pr\u00f3ximamente haremos un anuncio particular para aquellas personas que deseen adquirir los N\u00fameros en formato impreso.<\/p>\n","protected":false},"excerpt":{"rendered":"<p>Comunicado de Prensa: Publicaci\u00f3n del Volumen LXXXVI La Revista Jur\u00eddica de la Universidad de Puerto Rico con mucho entusiasmo presenta a la comunidad jur\u00eddica y al Pa\u00eds su octog\u00e9sima sexta publicaci\u00f3n, la cual se encuentra disponible libre de costo en su p\u00e1gina web: https:\/\/derecho.uprrp.edu\/revistajuridica\/volumenes\/revista-juridica-upr\/. El primero N\u00famero dedicado al Tema Libre contiene un grupo variado<\/p>\n<div class=\"read-more\"><a href=\"https:\/\/derecho.uprrp.edu\/revistajuridica\/2017\/07\/14\/comunicado-de-prensa-publicacion-del-volumen-lxxxvi\/\" title=\"Read More\">Read More<\/a><\/div>\n","protected":false},"author":17,"featured_media":0,"comment_status":"closed","ping_status":"closed","sticky":false,"template":"","format":"standard","meta":{"footnotes":""},"categories":[3],"tags":[],"class_list":{"0":"post-3028","1":"post","2":"type-post","3":"status-publish","4":"format-standard","6":"category-noticias"},"_links":{"self":[{"href":"https:\/\/derecho.uprrp.edu\/revistajuridica\/wp-json\/wp\/v2\/posts\/3028","targetHints":{"allow":["GET"]}}],"collection":[{"href":"https:\/\/derecho.uprrp.edu\/revistajuridica\/wp-json\/wp\/v2\/posts"}],"about":[{"href":"https:\/\/derecho.uprrp.edu\/revistajuridica\/wp-json\/wp\/v2\/types\/post"}],"author":[{"embeddable":true,"href":"https:\/\/derecho.uprrp.edu\/revistajuridica\/wp-json\/wp\/v2\/users\/17"}],"replies":[{"embeddable":true,"href":"https:\/\/derecho.uprrp.edu\/revistajuridica\/wp-json\/wp\/v2\/comments?post=3028"}],"version-history":[{"count":1,"href":"https:\/\/derecho.uprrp.edu\/revistajuridica\/wp-json\/wp\/v2\/posts\/3028\/revisions"}],"predecessor-version":[{"id":6445,"href":"https:\/\/derecho.uprrp.edu\/revistajuridica\/wp-json\/wp\/v2\/posts\/3028\/revisions\/6445"}],"wp:attachment":[{"href":"https:\/\/derecho.uprrp.edu\/revistajuridica\/wp-json\/wp\/v2\/media?parent=3028"}],"wp:term":[{"taxonomy":"category","embeddable":true,"href":"https:\/\/derecho.uprrp.edu\/revistajuridica\/wp-json\/wp\/v2\/categories?post=3028"},{"taxonomy":"post_tag","embeddable":true,"href":"https:\/\/derecho.uprrp.edu\/revistajuridica\/wp-json\/wp\/v2\/tags?post=3028"}],"curies":[{"name":"wp","href":"https:\/\/api.w.org\/{rel}","templated":true}]}}