{"id":4725,"date":"2019-04-25T13:27:51","date_gmt":"2019-04-25T17:27:51","guid":{"rendered":"http:\/\/revistajuridica.uprrp.edu\/?p=4725"},"modified":"2019-04-25T13:27:51","modified_gmt":"2019-04-25T17:27:51","slug":"seleccion-de-la-nueva-junta-editora-del-volumen-89","status":"publish","type":"post","link":"https:\/\/derecho.uprrp.edu\/revistajuridica\/2019\/04\/25\/seleccion-de-la-nueva-junta-editora-del-volumen-89\/","title":{"rendered":"Selecci\u00f3n de la nueva Junta Editora del Volumen 89"},"content":{"rendered":"\n<figure class=\"wp-block-image\"><img loading=\"lazy\" decoding=\"async\" width=\"1024\" height=\"447\" src=\"http:\/\/revistajuridica.uprrp.edu\/wp-content\/uploads\/2019\/04\/57870604_2753407524686489_7035620291610935296_o-1024x447.jpg\" alt=\"\" class=\"wp-image-4724\" srcset=\"https:\/\/derecho.uprrp.edu\/revistajuridica\/wp-content\/uploads\/sites\/4\/2019\/04\/57870604_2753407524686489_7035620291610935296_o-1024x447.jpg 1024w, https:\/\/derecho.uprrp.edu\/revistajuridica\/wp-content\/uploads\/sites\/4\/2019\/04\/57870604_2753407524686489_7035620291610935296_o-300x131.jpg 300w, https:\/\/derecho.uprrp.edu\/revistajuridica\/wp-content\/uploads\/sites\/4\/2019\/04\/57870604_2753407524686489_7035620291610935296_o-768x335.jpg 768w, https:\/\/derecho.uprrp.edu\/revistajuridica\/wp-content\/uploads\/sites\/4\/2019\/04\/57870604_2753407524686489_7035620291610935296_o-1536x670.jpg 1536w, https:\/\/derecho.uprrp.edu\/revistajuridica\/wp-content\/uploads\/sites\/4\/2019\/04\/57870604_2753407524686489_7035620291610935296_o.jpg 1800w\" sizes=\"auto, (max-width: 1024px) 100vw, 1024px\" \/><\/figure>\n\n\n\n<p>A toda la comunidad:<br><br>Es con extraordinario orgullo que deseamos informarles de la selecci\u00f3n del nuevo equipo que presidir\u00e1 las labores de nuestra Publicaci\u00f3n.<br>A continuaci\u00f3n, la Junta Editora del Volumen 89 de la Revista Jur\u00eddica de la Universidad de Puerto Rico:<br><br>Mildred Mel\u00e9ndez Otero \u2013 Directora<br>Natalia Rodr\u00edguez Burgos \u2013 Directora <br>Roc\u00edo del Mar Rom\u00e1n Aguil\u00fa \u2013 Directora<\/p>\n","protected":false},"excerpt":{"rendered":"<p>A toda la comunidad: Es con extraordinario orgullo que deseamos informarles de la selecci\u00f3n del nuevo equipo que presidir\u00e1 las labores de nuestra Publicaci\u00f3n.A continuaci\u00f3n, la Junta Editora del Volumen 89 de la Revista Jur\u00eddica de la Universidad de Puerto Rico: Mildred Mel\u00e9ndez Otero \u2013 DirectoraNatalia Rodr\u00edguez Burgos \u2013 Directora Roc\u00edo del Mar Rom\u00e1n Aguil\u00fa<\/p>\n<div class=\"read-more\"><a href=\"https:\/\/derecho.uprrp.edu\/revistajuridica\/2019\/04\/25\/seleccion-de-la-nueva-junta-editora-del-volumen-89\/\" title=\"Read More\">Read More<\/a><\/div>\n","protected":false},"author":17,"featured_media":4724,"comment_status":"closed","ping_status":"closed","sticky":false,"template":"","format":"standard","meta":{"footnotes":""},"categories":[3],"tags":[],"class_list":{"0":"post-4725","1":"post","2":"type-post","3":"status-publish","4":"format-standard","5":"has-post-thumbnail","7":"category-noticias"},"_links":{"self":[{"href":"https:\/\/derecho.uprrp.edu\/revistajuridica\/wp-json\/wp\/v2\/posts\/4725","targetHints":{"allow":["GET"]}}],"collection":[{"href":"https:\/\/derecho.uprrp.edu\/revistajuridica\/wp-json\/wp\/v2\/posts"}],"about":[{"href":"https:\/\/derecho.uprrp.edu\/revistajuridica\/wp-json\/wp\/v2\/types\/post"}],"author":[{"embeddable":true,"href":"https:\/\/derecho.uprrp.edu\/revistajuridica\/wp-json\/wp\/v2\/users\/17"}],"replies":[{"embeddable":true,"href":"https:\/\/derecho.uprrp.edu\/revistajuridica\/wp-json\/wp\/v2\/comments?post=4725"}],"version-history":[{"count":0,"href":"https:\/\/derecho.uprrp.edu\/revistajuridica\/wp-json\/wp\/v2\/posts\/4725\/revisions"}],"wp:featuredmedia":[{"embeddable":true,"href":"https:\/\/derecho.uprrp.edu\/revistajuridica\/wp-json\/wp\/v2\/media\/4724"}],"wp:attachment":[{"href":"https:\/\/derecho.uprrp.edu\/revistajuridica\/wp-json\/wp\/v2\/media?parent=4725"}],"wp:term":[{"taxonomy":"category","embeddable":true,"href":"https:\/\/derecho.uprrp.edu\/revistajuridica\/wp-json\/wp\/v2\/categories?post=4725"},{"taxonomy":"post_tag","embeddable":true,"href":"https:\/\/derecho.uprrp.edu\/revistajuridica\/wp-json\/wp\/v2\/tags?post=4725"}],"curies":[{"name":"wp","href":"https:\/\/api.w.org\/{rel}","templated":true}]}}