{"id":5161,"date":"2019-06-05T16:14:52","date_gmt":"2019-06-05T20:14:52","guid":{"rendered":"http:\/\/revistajuridica.uprrp.edu\/?p=5161"},"modified":"2019-06-05T16:14:52","modified_gmt":"2019-06-05T20:14:52","slug":"reporte-cumbre-justicia-temprana","status":"publish","type":"post","link":"https:\/\/derecho.uprrp.edu\/revistajuridica\/2019\/06\/05\/reporte-cumbre-justicia-temprana\/","title":{"rendered":"Reporte Cumbre Justicia Temprana"},"content":{"rendered":"\n<p>El 26 de abril de 2019 se celebr\u00f3 la Cumbre Justicia Temprana, la \u00faltima fase del Proyecto Justicia Temprana: derechos de la ni\u00f1ez y la adolescencia de la Revista Jur\u00eddica de la Universidad de Puerto Rico. <br><\/p>\n\n\n\n<p>La Cumbre Justicia Temprana comprendi\u00f3 temas puntuales y pertinentes en el reconocimiento de los derechos de los menores de edad. Su objetivo principal fue reunir a profesionales y representantes de distintos grupos con intereses afines para facilitar el di\u00e1logo multisectorial y lograr acuerdos en tres temas particulares: (1) la estructura del sistema de justicia juvenil en nuestra actualidad; (2) los esfuerzos por visibilizar la existencia de episodios de trata humana en nuestros j\u00f3venes, y (3) la necesidad de reconocer los derechos de los adolescentes a decidir sobre los rasgos constitutivos de su identidad y la educaci\u00f3n responsable de la sexualidad.<br><\/p>\n\n\n\n<p>As\u00ed, la Cumbre no pretend\u00eda resolver los problemas relacionados con estos t\u00f3picos. M\u00e1s bien, su objetivo descansaba en proveer un espacio donde profesionales, acad\u00e9micos y miembros de la comunidad en general pudieran estar en conjunto con participantes con la capacidad de tomar decisiones en los distintos componentes del sistema p\u00fablico del Pa\u00eds, con el prop\u00f3sito de llegar a acuerdos que constituyan los primeros pasos hacia discusiones mucho m\u00e1s profundas.<br><\/p>\n\n\n\n<p>Este Reporte presenta los entendidos y acuerdos que salieron de esa convergencia de voces.<br><\/p>\n\n\n\n<div class=\"wp-block-file\"><a href=\"http:\/\/revistajuridica.uprrp.edu\/wp-content\/uploads\/2019\/06\/Reporte-Cumbre-Justicia-Temprana.pdf\">Reporte Cumbre Justicia Temprana<\/a><a href=\"http:\/\/revistajuridica.uprrp.edu\/wp-content\/uploads\/2019\/06\/Reporte-Cumbre-Justicia-Temprana.pdf\" class=\"wp-block-file__button\" download>Download<\/a><\/div>\n","protected":false},"excerpt":{"rendered":"<p>El 26 de abril de 2019 se celebr\u00f3 la Cumbre Justicia Temprana, la \u00faltima fase del Proyecto Justicia Temprana: derechos de la ni\u00f1ez y la adolescencia de la Revista Jur\u00eddica de la Universidad de Puerto Rico. La Cumbre Justicia Temprana comprendi\u00f3 temas puntuales y pertinentes en el reconocimiento de los derechos de los menores de<\/p>\n<div class=\"read-more\"><a href=\"https:\/\/derecho.uprrp.edu\/revistajuridica\/2019\/06\/05\/reporte-cumbre-justicia-temprana\/\" title=\"Read More\">Read More<\/a><\/div>\n","protected":false},"author":17,"featured_media":5163,"comment_status":"closed","ping_status":"closed","sticky":false,"template":"","format":"standard","meta":{"footnotes":""},"categories":[3],"tags":[118,120,124,125,127],"class_list":{"0":"post-5161","1":"post","2":"type-post","3":"status-publish","4":"format-standard","5":"has-post-thumbnail","7":"category-noticias","8":"tag-cumbre","9":"tag-justicia-temprana","10":"tag-proyecto-justicia-temprana","11":"tag-revista-juridica-upr","12":"tag-volumen-88"},"_links":{"self":[{"href":"https:\/\/derecho.uprrp.edu\/revistajuridica\/wp-json\/wp\/v2\/posts\/5161","targetHints":{"allow":["GET"]}}],"collection":[{"href":"https:\/\/derecho.uprrp.edu\/revistajuridica\/wp-json\/wp\/v2\/posts"}],"about":[{"href":"https:\/\/derecho.uprrp.edu\/revistajuridica\/wp-json\/wp\/v2\/types\/post"}],"author":[{"embeddable":true,"href":"https:\/\/derecho.uprrp.edu\/revistajuridica\/wp-json\/wp\/v2\/users\/17"}],"replies":[{"embeddable":true,"href":"https:\/\/derecho.uprrp.edu\/revistajuridica\/wp-json\/wp\/v2\/comments?post=5161"}],"version-history":[{"count":0,"href":"https:\/\/derecho.uprrp.edu\/revistajuridica\/wp-json\/wp\/v2\/posts\/5161\/revisions"}],"wp:featuredmedia":[{"embeddable":true,"href":"https:\/\/derecho.uprrp.edu\/revistajuridica\/wp-json\/wp\/v2\/media\/5163"}],"wp:attachment":[{"href":"https:\/\/derecho.uprrp.edu\/revistajuridica\/wp-json\/wp\/v2\/media?parent=5161"}],"wp:term":[{"taxonomy":"category","embeddable":true,"href":"https:\/\/derecho.uprrp.edu\/revistajuridica\/wp-json\/wp\/v2\/categories?post=5161"},{"taxonomy":"post_tag","embeddable":true,"href":"https:\/\/derecho.uprrp.edu\/revistajuridica\/wp-json\/wp\/v2\/tags?post=5161"}],"curies":[{"name":"wp","href":"https:\/\/api.w.org\/{rel}","templated":true}]}}