{"id":5203,"date":"2019-07-03T09:00:50","date_gmt":"2019-07-03T13:00:50","guid":{"rendered":"http:\/\/revistajuridica.uprrp.edu\/?p=5203"},"modified":"2022-06-27T15:37:11","modified_gmt":"2022-06-27T15:37:11","slug":"segunda-convocatoria-para-el-cuerpo-editorial-del-volumen-89","status":"publish","type":"post","link":"https:\/\/derecho.uprrp.edu\/revistajuridica\/2019\/07\/03\/segunda-convocatoria-para-el-cuerpo-editorial-del-volumen-89\/","title":{"rendered":"Segunda convocatoria para el cuerpo editorial del Volumen 89"},"content":{"rendered":"\r\n<h2 class=\"wp-block-heading\">Esta convocatoria es para los puestos de <em>Redactores<\/em>, <em>Coordinador(a) de Actividades y Portavoz.<\/em><\/h2>\r\n\r\n\r\n\r\n<p>Con mucho entusiasmo, la Junta Editora del Volumen LXXXIX de la Revista Jur\u00eddica de la Universidad de Puerto Rico les invita a formar parte del equipo que estar\u00e1 trabajando las labores editoriales del nuevo volumen.<\/p>\r\n\r\n\r\n\r\n<p><strong>La fecha l\u00edmite para la entrega de los documentos requeridos es el 24 de julio de 2019 a las 11:59 p.m.<\/strong> Todos los documentos ser\u00e1n enviados en formato PDF al siguiente correo electr\u00f3nico: <a href=\"convocatoria.volumen89@gmail.com\">convocatoria.volumen89@gmail.com<\/a>. Para cualquier duda o pregunta se puede comunicar mediante dicho correo electr\u00f3nico.<\/p>\r\n\r\n\r\n\r\n<div class=\"wp-block-button aligncenter is-style-outline is-style-outline--1\"><a class=\"wp-block-button__link\" href=\"https:\/\/derecho.uprrp.edu\/revistajuridica\/wp-content\/uploads\/sites\/4\/2019\/08\/Convocatoria-Redactores.pdf\" target=\"_blank\" rel=\"noopener\">Convocatoria Redactores<\/a><\/div>\r\n\r\n\r\n\r\n<div class=\"wp-block-button aligncenter is-style-outline is-style-outline--2\"><a class=\"wp-block-button__link\" href=\"https:\/\/derecho.uprrp.edu\/revistajuridica\/wp-content\/uploads\/sites\/4\/2019\/07\/Convocatoria-Portavoz-y-Coordinadora.pdf\" target=\"_blank\" rel=\"noopener\">Convocatoria Portavoz y Coordinador(a) de Actividades<\/a><\/div>\r\n\r\n\r\n\r\n<p>&nbsp;<\/p>\r\n","protected":false},"excerpt":{"rendered":"<p>Esta convocatoria es para los puestos de Redactores, Coordinador(a) de Actividades y Portavoz. Con mucho entusiasmo, la Junta Editora del Volumen LXXXIX de la Revista Jur\u00eddica de la Universidad de Puerto Rico les invita a formar parte del equipo que estar\u00e1 trabajando las labores editoriales del nuevo volumen. La fecha l\u00edmite para la entrega de<\/p>\n<div class=\"read-more\"><a href=\"https:\/\/derecho.uprrp.edu\/revistajuridica\/2019\/07\/03\/segunda-convocatoria-para-el-cuerpo-editorial-del-volumen-89\/\" title=\"Read More\">Read More<\/a><\/div>\n","protected":false},"author":17,"featured_media":5208,"comment_status":"closed","ping_status":"closed","sticky":false,"template":"","format":"standard","meta":{"footnotes":""},"categories":[3],"tags":[],"class_list":{"0":"post-5203","1":"post","2":"type-post","3":"status-publish","4":"format-standard","5":"has-post-thumbnail","7":"category-noticias"},"_links":{"self":[{"href":"https:\/\/derecho.uprrp.edu\/revistajuridica\/wp-json\/wp\/v2\/posts\/5203","targetHints":{"allow":["GET"]}}],"collection":[{"href":"https:\/\/derecho.uprrp.edu\/revistajuridica\/wp-json\/wp\/v2\/posts"}],"about":[{"href":"https:\/\/derecho.uprrp.edu\/revistajuridica\/wp-json\/wp\/v2\/types\/post"}],"author":[{"embeddable":true,"href":"https:\/\/derecho.uprrp.edu\/revistajuridica\/wp-json\/wp\/v2\/users\/17"}],"replies":[{"embeddable":true,"href":"https:\/\/derecho.uprrp.edu\/revistajuridica\/wp-json\/wp\/v2\/comments?post=5203"}],"version-history":[{"count":1,"href":"https:\/\/derecho.uprrp.edu\/revistajuridica\/wp-json\/wp\/v2\/posts\/5203\/revisions"}],"predecessor-version":[{"id":6432,"href":"https:\/\/derecho.uprrp.edu\/revistajuridica\/wp-json\/wp\/v2\/posts\/5203\/revisions\/6432"}],"wp:featuredmedia":[{"embeddable":true,"href":"https:\/\/derecho.uprrp.edu\/revistajuridica\/wp-json\/wp\/v2\/media\/5208"}],"wp:attachment":[{"href":"https:\/\/derecho.uprrp.edu\/revistajuridica\/wp-json\/wp\/v2\/media?parent=5203"}],"wp:term":[{"taxonomy":"category","embeddable":true,"href":"https:\/\/derecho.uprrp.edu\/revistajuridica\/wp-json\/wp\/v2\/categories?post=5203"},{"taxonomy":"post_tag","embeddable":true,"href":"https:\/\/derecho.uprrp.edu\/revistajuridica\/wp-json\/wp\/v2\/tags?post=5203"}],"curies":[{"name":"wp","href":"https:\/\/api.w.org\/{rel}","templated":true}]}}