{"id":5214,"date":"2019-08-03T08:55:15","date_gmt":"2019-08-03T12:55:15","guid":{"rendered":"http:\/\/revistajuridica.uprrp.edu\/?p=5214"},"modified":"2022-06-27T15:34:29","modified_gmt":"2022-06-27T15:34:29","slug":"abierta-convocatoria-para-editores-asociados-y-colaboradores-para-el-volumen-89","status":"publish","type":"post","link":"https:\/\/derecho.uprrp.edu\/revistajuridica\/2019\/08\/03\/abierta-convocatoria-para-editores-asociados-y-colaboradores-para-el-volumen-89\/","title":{"rendered":"Abierta convocatoria para Editores Asociados y Colaboradores para el Volumen 89"},"content":{"rendered":"\r\n<h3 class=\"wp-block-heading\">Esta convocatoria estar\u00e1 abierta desde el 3 al 18 de agosto de 2019.<\/h3>\r\n\r\n\r\n\r\n<p style=\"text-align: left;\">La Junta Editora del Volumen LXXXIX de la <strong>Revista Jur\u00eddica de la Universidad de Puerto Rico<\/strong> convoca a los estudiantes de la Escuela de Derecho para que formen parte del equipo que realizar\u00e1 las labores de <strong>Editores(as) Asociados(as) y Colaboradores(as)<\/strong>.<\/p>\r\n\r\n\r\n\r\n<p><strong>La fecha l\u00edmite para la entrega de los documentos requeridos es el 18 de agosto de 2019 a las 11:59 p.m<\/strong>. Con excepci\u00f3n del ejercicio de edici\u00f3n \u2014que deber\u00e1 entregarse en Word\u2014 todos los documentos ser\u00e1n enviados en formato PDF al siguiente correo electr\u00f3nico: <a href=\"convocatoria.volumen89@gmail.com\">convocatoria.volumen89@gmail.com<\/a>.<\/p>\r\n\r\n\r\n\r\n<p>Solo los solicitantes a Editor(a) Asociado(a) deben completar el ejercicio de edici\u00f3n adjunto a esta convocatoria. Para completar el ejercicio de edici\u00f3n, todo estudiante debe:<\/p>\r\n\r\n\r\n\r\n<ul class=\"wp-block-list\">\r\n<li><strong>Corregir los respectivos errores de citaci\u00f3n<\/strong>. En cuanto a las notas al calce, debe verificar si la citaci\u00f3n est\u00e1 conforme a las reglas del <em>Manual de Edici\u00f3n de la Revista Jur\u00eddica <\/em>y del <em>Bluebook<\/em>.<\/li>\r\n<li><strong>Realizar una b\u00fasqueda de las fuentes originales<\/strong>. Esto con el prop\u00f3sito de asegurar que la p\u00e1gina citada y el contenido de la citaci\u00f3n sea el correcto. Esto \u00faltimo incluye corroborar que la alusi\u00f3n a la fuente sea adecuada en t\u00e9rminos sustantivos.\u00a0<\/li>\r\n<li><strong>Corregir la redacci\u00f3n del escrito<\/strong>. La correcci\u00f3n del escrito incluye enmendar todos los errores de ortograf\u00eda, gram\u00e1tica y sintaxis que pueda encontrar en el art\u00edculo.\u00a0<\/li>\r\n<li><strong>Documentar todos los cambios que haga en el escrito<\/strong>. El ejercicio entregado debe reflejar en <em>track changes<\/em> los cambios realizados. Es por ello que la edici\u00f3n debe entregarse en formato Microsoft Word.<\/li>\r\n<\/ul>\r\n\r\n\r\n\r\n<p>Para cualquier duda o pregunta se puede comunicar mediante dicho correo electr\u00f3nico.<\/p>\r\n\r\n\r\n\r\n<div class=\"wp-block-button aligncenter is-style-outline is-style-outline--1\"><a class=\"wp-block-button__link has-text-color has-very-dark-gray-color\" href=\"https:\/\/derecho.uprrp.edu\/revistajuridica\/wp-content\/uploads\/sites\/4\/2019\/07\/Convocatoria-Editores-Asociados-y-Colaboradores-1.pdf\" target=\"_blank\" rel=\"noopener\">Convocatoria Editores(as) Asociados(as) y Colaboradores(as)<\/a><\/div>\r\n\r\n\r\n\r\n<div class=\"wp-block-file aligncenter\"><a href=\"http:\/\/revistajuridica.uprrp.edu\/wp-content\/uploads\/2019\/07\/Ejercicio-de-citacio\u0301n-Editores-Asociados.docx\">Ejercicio de edici\u00f3n Editores Asociados<\/a><a class=\"wp-block-file__button\" href=\"http:\/\/revistajuridica.uprrp.edu\/wp-content\/uploads\/2019\/07\/Ejercicio-de-citacio\u0301n-Editores-Asociados.docx\" download=\"\">Download<\/a><\/div>\r\n\r\n\r\n\r\n<p>&nbsp;<\/p>\r\n","protected":false},"excerpt":{"rendered":"<p>Esta convocatoria estar\u00e1 abierta desde el 3 al 18 de agosto de 2019. La Junta Editora del Volumen LXXXIX de la Revista Jur\u00eddica de la Universidad de Puerto Rico convoca a los estudiantes de la Escuela de Derecho para que formen parte del equipo que realizar\u00e1 las labores de Editores(as) Asociados(as) y Colaboradores(as). La fecha<\/p>\n<div class=\"read-more\"><a href=\"https:\/\/derecho.uprrp.edu\/revistajuridica\/2019\/08\/03\/abierta-convocatoria-para-editores-asociados-y-colaboradores-para-el-volumen-89\/\" title=\"Read More\">Read More<\/a><\/div>\n","protected":false},"author":17,"featured_media":5215,"comment_status":"closed","ping_status":"closed","sticky":false,"template":"","format":"standard","meta":{"footnotes":""},"categories":[3],"tags":[],"class_list":{"0":"post-5214","1":"post","2":"type-post","3":"status-publish","4":"format-standard","5":"has-post-thumbnail","7":"category-noticias"},"_links":{"self":[{"href":"https:\/\/derecho.uprrp.edu\/revistajuridica\/wp-json\/wp\/v2\/posts\/5214","targetHints":{"allow":["GET"]}}],"collection":[{"href":"https:\/\/derecho.uprrp.edu\/revistajuridica\/wp-json\/wp\/v2\/posts"}],"about":[{"href":"https:\/\/derecho.uprrp.edu\/revistajuridica\/wp-json\/wp\/v2\/types\/post"}],"author":[{"embeddable":true,"href":"https:\/\/derecho.uprrp.edu\/revistajuridica\/wp-json\/wp\/v2\/users\/17"}],"replies":[{"embeddable":true,"href":"https:\/\/derecho.uprrp.edu\/revistajuridica\/wp-json\/wp\/v2\/comments?post=5214"}],"version-history":[{"count":1,"href":"https:\/\/derecho.uprrp.edu\/revistajuridica\/wp-json\/wp\/v2\/posts\/5214\/revisions"}],"predecessor-version":[{"id":6431,"href":"https:\/\/derecho.uprrp.edu\/revistajuridica\/wp-json\/wp\/v2\/posts\/5214\/revisions\/6431"}],"wp:featuredmedia":[{"embeddable":true,"href":"https:\/\/derecho.uprrp.edu\/revistajuridica\/wp-json\/wp\/v2\/media\/5215"}],"wp:attachment":[{"href":"https:\/\/derecho.uprrp.edu\/revistajuridica\/wp-json\/wp\/v2\/media?parent=5214"}],"wp:term":[{"taxonomy":"category","embeddable":true,"href":"https:\/\/derecho.uprrp.edu\/revistajuridica\/wp-json\/wp\/v2\/categories?post=5214"},{"taxonomy":"post_tag","embeddable":true,"href":"https:\/\/derecho.uprrp.edu\/revistajuridica\/wp-json\/wp\/v2\/tags?post=5214"}],"curies":[{"name":"wp","href":"https:\/\/api.w.org\/{rel}","templated":true}]}}