{"id":5236,"date":"2019-08-12T18:24:01","date_gmt":"2019-08-12T22:24:01","guid":{"rendered":"http:\/\/revistajuridica.uprrp.edu\/?p=5236"},"modified":"2019-08-12T18:24:01","modified_gmt":"2019-08-12T22:24:01","slug":"nueva-convocatoria-para-directora-digital-jefea-de-redactores-y-redactoresas","status":"publish","type":"post","link":"https:\/\/derecho.uprrp.edu\/revistajuridica\/2019\/08\/12\/nueva-convocatoria-para-directora-digital-jefea-de-redactores-y-redactoresas\/","title":{"rendered":"Nueva convocatoria para Director(a) Digital, Jefe(a) de Redactores y Redactores(as)"},"content":{"rendered":"\n<p>Con mucho entusiasmo, la Junta Editora del Volumen LXXXIX de la Revista Jur\u00eddica de la Universidad de Puerto Rico les invita a formar parte del equipo que estar\u00e1 trabajando las labores editoriales del nuevo volumen.<\/p>\n\n\n\n<p>La fecha l\u00edmite para la entrega de los documentos requeridos es el 24 de agosto de 2019 a las 11:59 p.m. Todos los documentos ser\u00e1n enviados en formato PDF al siguiente correo electr\u00f3nico: convocatoria.volumen89@gmail.com. Para cualquier duda o pregunta se puede comunicar mediante dicho correo electr\u00f3nico. <\/p>\n\n\n\n<div class=\"wp-block-button aligncenter\"><a class=\"wp-block-button__link has-text-color has-very-light-gray-color\" href=\"http:\/\/revistajuridica.uprrp.edu\/wp-content\/uploads\/2019\/08\/Convocatoria-Directora-Digital.pdf\">Convocatoria Director(a) Digital<\/a><\/div>\n\n\n\n<div class=\"wp-block-file aligncenter\"><a href=\"http:\/\/revistajuridica.uprrp.edu\/wp-content\/uploads\/2019\/06\/Ejercicio-de-Edici\u00f3n-Directora-Digital.docx\">Ejercicio de edici\u00f3n Director(a) Digital<\/a><a href=\"http:\/\/revistajuridica.uprrp.edu\/wp-content\/uploads\/2019\/06\/Ejercicio-de-Edici\u00f3n-Directora-Digital.docx\" class=\"wp-block-file__button\" download>Download<\/a><\/div>\n\n\n\n<div class=\"wp-block-button aligncenter is-style-outline is-style-outline--1\"><a class=\"wp-block-button__link has-text-color has-vivid-red-color has-background has-very-light-gray-background-color\" href=\"http:\/\/revistajuridica.uprrp.edu\/wp-content\/uploads\/2019\/08\/Jefe-de-Redactores.pdf\">Convocatoria Jefe(a) de Redactores<\/a><\/div>\n\n\n\n<div class=\"wp-block-file aligncenter\"><a href=\"http:\/\/revistajuridica.uprrp.edu\/wp-content\/uploads\/2019\/06\/Ejercicio-de-Edici\u00f3n-Jefea-de-Redactores.docx\">Ejercicio de edici\u00f3n Jefe(a) de Redactores<\/a><a href=\"http:\/\/revistajuridica.uprrp.edu\/wp-content\/uploads\/2019\/06\/Ejercicio-de-Edici\u00f3n-Jefea-de-Redactores.docx\" class=\"wp-block-file__button\" download>Download<\/a><\/div>\n\n\n\n<div class=\"wp-block-button aligncenter is-style-outline is-style-outline--2\"><a class=\"wp-block-button__link\" href=\"http:\/\/revistajuridica.uprrp.edu\/wp-content\/uploads\/2019\/08\/Convocatoria-Redactores.pdf\">Convocatoria Redactores(as)<\/a><\/div>\n","protected":false},"excerpt":{"rendered":"<p>Con mucho entusiasmo, la Junta Editora del Volumen LXXXIX de la Revista Jur\u00eddica de la Universidad de Puerto Rico les invita a formar parte del equipo que estar\u00e1 trabajando las labores editoriales del nuevo volumen. La fecha l\u00edmite para la entrega de los documentos requeridos es el 24 de agosto de 2019 a las 11:59<\/p>\n<div class=\"read-more\"><a href=\"https:\/\/derecho.uprrp.edu\/revistajuridica\/2019\/08\/12\/nueva-convocatoria-para-directora-digital-jefea-de-redactores-y-redactoresas\/\" title=\"Read More\">Read More<\/a><\/div>\n","protected":false},"author":17,"featured_media":5237,"comment_status":"closed","ping_status":"closed","sticky":false,"template":"","format":"standard","meta":{"footnotes":""},"categories":[1],"tags":[],"class_list":{"0":"post-5236","1":"post","2":"type-post","3":"status-publish","4":"format-standard","5":"has-post-thumbnail","7":"category-uncategorized"},"_links":{"self":[{"href":"https:\/\/derecho.uprrp.edu\/revistajuridica\/wp-json\/wp\/v2\/posts\/5236","targetHints":{"allow":["GET"]}}],"collection":[{"href":"https:\/\/derecho.uprrp.edu\/revistajuridica\/wp-json\/wp\/v2\/posts"}],"about":[{"href":"https:\/\/derecho.uprrp.edu\/revistajuridica\/wp-json\/wp\/v2\/types\/post"}],"author":[{"embeddable":true,"href":"https:\/\/derecho.uprrp.edu\/revistajuridica\/wp-json\/wp\/v2\/users\/17"}],"replies":[{"embeddable":true,"href":"https:\/\/derecho.uprrp.edu\/revistajuridica\/wp-json\/wp\/v2\/comments?post=5236"}],"version-history":[{"count":0,"href":"https:\/\/derecho.uprrp.edu\/revistajuridica\/wp-json\/wp\/v2\/posts\/5236\/revisions"}],"wp:featuredmedia":[{"embeddable":true,"href":"https:\/\/derecho.uprrp.edu\/revistajuridica\/wp-json\/wp\/v2\/media\/5237"}],"wp:attachment":[{"href":"https:\/\/derecho.uprrp.edu\/revistajuridica\/wp-json\/wp\/v2\/media?parent=5236"}],"wp:term":[{"taxonomy":"category","embeddable":true,"href":"https:\/\/derecho.uprrp.edu\/revistajuridica\/wp-json\/wp\/v2\/categories?post=5236"},{"taxonomy":"post_tag","embeddable":true,"href":"https:\/\/derecho.uprrp.edu\/revistajuridica\/wp-json\/wp\/v2\/tags?post=5236"}],"curies":[{"name":"wp","href":"https:\/\/api.w.org\/{rel}","templated":true}]}}