{"id":5248,"date":"2019-11-19T09:29:16","date_gmt":"2019-11-19T13:29:16","guid":{"rendered":"http:\/\/revistajuridica.uprrp.edu\/?p=5248"},"modified":"2019-11-19T09:29:16","modified_gmt":"2019-11-19T13:29:16","slug":"patrimonio-cultural-lo-que-perdemos","status":"publish","type":"post","link":"https:\/\/derecho.uprrp.edu\/revistajuridica\/2019\/11\/19\/patrimonio-cultural-lo-que-perdemos\/","title":{"rendered":"Patrimonio Cultural: Lo que perdemos"},"content":{"rendered":"<h2>Conversatorio sobre nuestro Patrimonio Colectivo, los derechos morales y patrimonio cultural.<br>\n<\/h2>\n\n\n<p><em>Lourdes Cort\u00e9s<\/em>, Editora Asociada<\/p>\n\n\n\n<p>Ante la carencia de un inventario de nuestro patrimonio cultural y natural la Junta Editora del Volumen 89 de la Revista Jur\u00eddica celebr\u00f3 el 10 de octubre de 2019 el conversatorio <strong>Patrimonio Cultural: <em>Lo que perdemos<\/em><\/strong>. En el mismo se brind\u00f3 un espacio de conversaci\u00f3n ante un tema que si bien es medular en nuestra actualidad pocos foros se dedican a exponerlo.<br><\/p>\n\n\n\n<p>Durante la conversaci\u00f3n los panelistas Carlo Andr\u00e9 Oliveras Rodr\u00edguez, Maritza Torres Mart\u00ednez, Hiram Mel\u00e9ndez Juarbe, Mar\u00eda Soledad Gaztambide, Luis E. Rodr\u00edguez y el moderador H\u00e9ctor Feliciano conversaron sobre las dificultades y oportunidades que presenta nuestro patrimonio. La conversaci\u00f3n se llev\u00f3 desde una perspectiva multidisciplinaria enfocada en el patrimonio hist\u00f3rico-colectivo, los derechos morales y patrimonio cultural.<br><\/p>\n\n\n\n<ul class=\"wp-block-gallery columns-2 is-cropped wp-block-gallery-1 is-layout-flex wp-block-gallery-is-layout-flex\"><li class=\"blocks-gallery-item\"><figure><img loading=\"lazy\" decoding=\"async\" width=\"960\" height=\"544\" src=\"http:\/\/revistajuridica.uprrp.edu\/wp-content\/uploads\/2019\/11\/72179517_3086326441394594_1032597884140257280_n.jpg\" alt=\"\" data-id=\"5252\" data-link=\"http:\/\/revistajuridica.uprrp.edu\/72179517_3086326441394594_1032597884140257280_n\/\" class=\"wp-image-5252\" srcset=\"https:\/\/derecho.uprrp.edu\/revistajuridica\/wp-content\/uploads\/sites\/4\/2019\/11\/72179517_3086326441394594_1032597884140257280_n.jpg 960w, https:\/\/derecho.uprrp.edu\/revistajuridica\/wp-content\/uploads\/sites\/4\/2019\/11\/72179517_3086326441394594_1032597884140257280_n-300x170.jpg 300w, https:\/\/derecho.uprrp.edu\/revistajuridica\/wp-content\/uploads\/sites\/4\/2019\/11\/72179517_3086326441394594_1032597884140257280_n-768x435.jpg 768w\" sizes=\"auto, (max-width: 960px) 100vw, 960px\" \/><\/figure><\/li><li class=\"blocks-gallery-item\"><figure><img loading=\"lazy\" decoding=\"async\" width=\"960\" height=\"598\" src=\"http:\/\/revistajuridica.uprrp.edu\/wp-content\/uploads\/2019\/11\/72899673_3086330451394193_3201977863825784832_n.jpg\" alt=\"\" data-id=\"5251\" data-link=\"http:\/\/revistajuridica.uprrp.edu\/72899673_3086330451394193_3201977863825784832_n\/\" class=\"wp-image-5251\" srcset=\"https:\/\/derecho.uprrp.edu\/revistajuridica\/wp-content\/uploads\/sites\/4\/2019\/11\/72899673_3086330451394193_3201977863825784832_n.jpg 960w, https:\/\/derecho.uprrp.edu\/revistajuridica\/wp-content\/uploads\/sites\/4\/2019\/11\/72899673_3086330451394193_3201977863825784832_n-300x187.jpg 300w, https:\/\/derecho.uprrp.edu\/revistajuridica\/wp-content\/uploads\/sites\/4\/2019\/11\/72899673_3086330451394193_3201977863825784832_n-768x478.jpg 768w, https:\/\/derecho.uprrp.edu\/revistajuridica\/wp-content\/uploads\/sites\/4\/2019\/11\/72899673_3086330451394193_3201977863825784832_n-343x215.jpg 343w\" sizes=\"auto, (max-width: 960px) 100vw, 960px\" \/><\/figure><\/li><\/ul>\n\n\n\n<p><em><strong>Derechos morales<\/strong><\/em><\/p>\n\n\n\n<p>En el \u00e1mbito de los derechos morales Mel\u00e9ndez Juarbe convers\u00f3 sobre el r\u00e9gimen estatutario Federal, Ley de Derechos de Autor, el cual establece amplias protecciones para los autores.&nbsp; En especial enfatiz\u00f3 que las premisas del Sistema Federal de <em>copyright<\/em> son premisas econ\u00f3micas. <\/p>\n\n\n\n<p><em><strong>\u201cSeg\u00fan el Sistema de copyright federal tradicional el autor y autora es imaginada como sujeto que opera en el mercado, el mercado es el alfa y omega de lo que hace, tanto as\u00ed que la justificaci\u00f3n de copyright es una protecci\u00f3n a los autores, de forma que le incentive a este y a que esa obra pueda salir al mercado y venders<\/strong><\/em><strong>e.\u201d<\/strong><br><\/p>\n\n\n\n<p>El profesor, cofundador del Proyecto Creative Commons Puerto Rico, manifest\u00f3 su preocupaci\u00f3n por los derechos morales de autor en Puerto Rico, los cuales catalog\u00f3 como una barrera para las personas que interact\u00faan con la obra. Mel\u00e9ndez Juarbe estableci\u00f3 que hay elementos intangibles que son parte de nuestra cultura a los cuales las personas deber\u00edan tener acceso y capacidad real de manipularlos para expresarse con ellos, por consecuencia esto potenciar\u00eda el que las personas interact\u00faen con su cultura.<br><\/p>\n\n\n\n<p>Jessa Vivas Cap\u00f3, asesora program\u00e1tica del Instituto de Cultura Puertorrique\u00f1a y directora interina del programa de industrias creativas, por su parte expuso como la reapropiaci\u00f3n en el \u00e1mbito musical hace que la poblaci\u00f3n y el tejido social cultural se mantenga vivo. Puntualiz\u00f3 que en cierta medida la apropiaci\u00f3n cultural de la m\u00fasica hace que se mantenga latente ese conocimiento que transmite la letra mediante el lenguaje com\u00fan que permite crear y llegar a lugares donde otros medios no pueden llegar. Por otra parte, argument\u00f3 que en el Instituto de Cultura Puertorrique\u00f1a la labor ha experimentado una gran dificultad econ\u00f3mica luego que la Junta de Control Fiscal elimin\u00f3 el presupuesto de Cultura Puertorrique\u00f1o.<br><\/p>\n\n\n\n<p><em><strong>Patrimonio cultural y colectivo&nbsp;<\/strong><\/em><\/p>\n\n\n\n<p>En una conversaci\u00f3n sobre nuestro Patrimonio es vital hablar sobre el Mapa de Calificaci\u00f3n de Puerto Rico propuesto por la Junta de Planificaci\u00f3n. En esta \u00e1rea Mar\u00eda Soledad Gaztambide, coordinadora de la Pol\u00edtica P\u00fablica Ambiental y Relaciones Gubernamentales de Para La Naturaleza, convers\u00f3 sobre el Mapa y los cuestionamientos que \u00e9ste presenta. <\/p>\n\n\n\n<p><em><strong>\u201cLa gente se concentra en el mapa y \u00e9ste ha sido el que ha creado una preocupaci\u00f3n en la ciudadan\u00eda, pero realmente el problema medular es anterior y tiene que ver con el reglamento conjunto de permisos que ya est\u00e1 aprobado y que esa aprobaci\u00f3n cambi\u00f3 las calificaciones de lo que antes eran unos distritos convirti\u00e9ndolos en otros.\u201d&nbsp;&nbsp;<\/strong><\/em><br><\/p>\n\n\n\n<p>Gaztambide explic\u00f3 que hubo un proceso de crear un plan de lo que se quer\u00eda lograr por medio de los c\u00f3digos de zonificaci\u00f3n, la problem\u00e1tica surgi\u00f3 al unir esos distritos. Esto ocurre con los distritos residenciales tur\u00edsticos en los cuales se establecieron gradientes de intensidad de uso y al unirlos se vieron afectados. <\/p>\n\n\n\n<p><em><strong>\u201cNormalmente en un distrito residencial tur\u00edstico tienes gradientes de residencial de uso, al decir que solamente hay un distrito para residencial tur\u00edstico est\u00e1s permitiendo m\u00e1s actividad que en cualquier otro.\u201d<\/strong><\/em><strong>&nbsp;<br><\/strong><\/p>\n\n\n\n<p>Un ejemplo de esta problem\u00e1tica brindado por Gaztambide fue la Reserva Marina Tres Palmas que ten\u00eda una zona residencial con un inter\u00e9s tur\u00edstico bajo, pero con el reglamento conjunto tiene un distrito que permite mucha m\u00e1s intensidad en un lugar frente a una reserva natural marina, pudiendo tener esta actividad unos impactos nocivos contra los arrecifes y la biodiversidad existente.&nbsp;&nbsp;<br><\/p>\n\n\n\n<p>Por otra parte, arguye que el problema de la conversaci\u00f3n ambiental es de visi\u00f3n ya que todav\u00eda se contin\u00faa pensando que el desarrollo econ\u00f3mico se va a dar por medios tradicionalistas que valoran cu\u00e1nta electricidad estamos gastando y cuantos permisos se otorgan.&nbsp; A\u00f1ade que esta visi\u00f3n de desarrollo econ\u00f3mico denota suspicacia pues pudiera estar atada a fondos de recuperaci\u00f3n, \u201c<em>opportunities zones<\/em>\u201d, Ley 20 y 22 sobre atraer inversi\u00f3n externa.&nbsp;<br><\/p>\n\n\n\n<p>Carlo Andr\u00e9 Oliveras Rodr\u00edguez, creador del proyecto Barrioization, coment\u00f3 sobre la importancia de preguntarnos, \u00bfpara qui\u00e9n o para quienes? y \u00bfqu\u00e9 nos mueve a que se cree este proceso tan atropellado para las comunidades en Puerto Rico?\u00a0 A\u00f1adi\u00f3 que esto le hace pensar a quien se le est\u00e1 cediendo esta nueva parte del patrimonio ambiental y cultural de Puerto Rico.\u00a0<br><\/p>\n\n\n\n<p>En el \u00e1mbito del derecho ambiental Luis E. Rodr\u00edguez, catedr\u00e1tico de la Escuela de Derecho y quien ha servido en puestos gubernamentales como secretario del Departamento de Recursos Naturales, a\u00f1adi\u00f3 que hay leyes para proteger el medio ambiente en Puerto Rico, pero no hay voluntad para hacerlas cumplir por parte de ninguna de las tres ramas. <\/p>\n\n\n\n<p><strong>\u201c<\/strong><em><strong>En el campo medioambiental los grandes h\u00e9roes han sido los grupos comunitarios que han ocupado el espacio, se han responsabilizado del manejo de los recursos naturales y de hacer cumplir al gobierno con estrategias legales.\u201d<\/strong><\/em><strong>&nbsp;<\/strong><br><\/p>\n\n\n\n<p>En el \u00e1rea del patrimonio cultural Maritza Torres Mart\u00ednez, profesora, histori\u00f3grafa y arque\u00f3loga con \u00e9nfasis en asuntos legales de protecci\u00f3n de patrimonio hist\u00f3rico y conservaci\u00f3n, coment\u00f3 que tambi\u00e9n en Puerto Rico y Estados Unidos existen varias leyes que tienen como finalidad proteger el patrimonio cultural. Torres propone que para que se pongan en vigor esas protecciones, se debe exigir que el Estado las haga cumplir.&nbsp;<\/p>\n\n\n\n<p><\/p>\n\n\n\n<p>Los y las panelistas arguyeron como factores que impiden la conservaci\u00f3n de nuestro patrimonio la visi\u00f3n econ\u00f3mica y como \u00e1rea de oportunidad las comunidades, pues han sido las que han logrado que se cumpla con las pol\u00edticas p\u00fablicas ante un sistema que no brinda las herramientas para conservar nuestro patrimonio.\u00a0<br><\/p>\n\n\n\n<p><em>La Revista Jur\u00eddica es la publicaci\u00f3n jur\u00eddica de mayor envergadura en el Derecho puertorrique\u00f1o, sus publicaciones abarcan temas de vanguardia en el derecho nacional e internacional. La misma es dirigida por estudiantes de la Escuela de Derecho de la Universidad de Puerto Rico recinto de R\u00edo Piedras.&nbsp; <\/em><br><\/p>\n","protected":false},"excerpt":{"rendered":"<p>Conversatorio sobre nuestro Patrimonio Colectivo, los derechos morales y patrimonio cultural. Lourdes Cort\u00e9s, Editora Asociada Ante la carencia de un inventario de nuestro patrimonio cultural y natural la Junta Editora del Volumen 89 de la Revista Jur\u00eddica celebr\u00f3 el 10 de octubre de 2019 el conversatorio Patrimonio Cultural: Lo que perdemos. En el mismo se<\/p>\n<div class=\"read-more\"><a href=\"https:\/\/derecho.uprrp.edu\/revistajuridica\/2019\/11\/19\/patrimonio-cultural-lo-que-perdemos\/\" title=\"Read More\">Read More<\/a><\/div>\n","protected":false},"author":17,"featured_media":5250,"comment_status":"closed","ping_status":"closed","sticky":false,"template":"","format":"standard","meta":{"footnotes":""},"categories":[3,1],"tags":[],"class_list":{"0":"post-5248","1":"post","2":"type-post","3":"status-publish","4":"format-standard","5":"has-post-thumbnail","7":"category-noticias","8":"category-uncategorized"},"_links":{"self":[{"href":"https:\/\/derecho.uprrp.edu\/revistajuridica\/wp-json\/wp\/v2\/posts\/5248","targetHints":{"allow":["GET"]}}],"collection":[{"href":"https:\/\/derecho.uprrp.edu\/revistajuridica\/wp-json\/wp\/v2\/posts"}],"about":[{"href":"https:\/\/derecho.uprrp.edu\/revistajuridica\/wp-json\/wp\/v2\/types\/post"}],"author":[{"embeddable":true,"href":"https:\/\/derecho.uprrp.edu\/revistajuridica\/wp-json\/wp\/v2\/users\/17"}],"replies":[{"embeddable":true,"href":"https:\/\/derecho.uprrp.edu\/revistajuridica\/wp-json\/wp\/v2\/comments?post=5248"}],"version-history":[{"count":0,"href":"https:\/\/derecho.uprrp.edu\/revistajuridica\/wp-json\/wp\/v2\/posts\/5248\/revisions"}],"wp:featuredmedia":[{"embeddable":true,"href":"https:\/\/derecho.uprrp.edu\/revistajuridica\/wp-json\/wp\/v2\/media\/5250"}],"wp:attachment":[{"href":"https:\/\/derecho.uprrp.edu\/revistajuridica\/wp-json\/wp\/v2\/media?parent=5248"}],"wp:term":[{"taxonomy":"category","embeddable":true,"href":"https:\/\/derecho.uprrp.edu\/revistajuridica\/wp-json\/wp\/v2\/categories?post=5248"},{"taxonomy":"post_tag","embeddable":true,"href":"https:\/\/derecho.uprrp.edu\/revistajuridica\/wp-json\/wp\/v2\/tags?post=5248"}],"curies":[{"name":"wp","href":"https:\/\/api.w.org\/{rel}","templated":true}]}}