{"id":5355,"date":"2020-07-15T14:30:27","date_gmt":"2020-07-15T18:30:27","guid":{"rendered":"http:\/\/revistajuridica.uprrp.edu\/?p=5355"},"modified":"2020-07-15T14:30:27","modified_gmt":"2020-07-15T18:30:27","slug":"la-revista-juridica-anuncia-su-linea-editorial-para-el-volumen-90","status":"publish","type":"post","link":"https:\/\/derecho.uprrp.edu\/revistajuridica\/2020\/07\/15\/la-revista-juridica-anuncia-su-linea-editorial-para-el-volumen-90\/","title":{"rendered":"La Revista Jur\u00eddica anuncia su l\u00ednea editorial para el Volumen 90"},"content":{"rendered":"\n<p>A la comunidad acad\u00e9mica y juristas:<\/p>\n\n\n\n<p>Durante 89 publicaciones la Revista Jur\u00eddica ha publicado l\u00edneas editoriales pertinentes a la realidad jur\u00eddica y social que ha vivido nuestro Pa\u00eds. En miras de continuar ofreciendo art\u00edculos de pertinencia y relevancia en el entorno jur\u00eddico, el Volumen 90 ha dise\u00f1ado un Plan de Trabajo que asume los asuntos principales de nuestra realidad, temas que merecen atenci\u00f3n inmediata de la comunidad jur\u00eddica. <br> <\/p>\n\n\n\n<p>Con el fin del mejoramiento jur\u00eddico de nuestra isla y con la meta de que el mismo responda a nuestra realidad social, en el an\u0303o acad\u00e9mico 2020-2021, dedicaremos un n\u00famero de nuestra l\u00ednea editorial a <strong>Los retos de la democracia puertorrique\u00f1a<\/strong> el mismo se encargara\u0301 de analizar desde una perspectiva integrada los retos que la misma enfrenta. Estaremos dirigidos a enmiendas constitucionales, la participaci\u00f3n pol\u00edtica y ciudadana, separaci\u00f3n de poderes, estados de excepci\u00f3n, procedimientos legislativos, entre otros. <\/p>\n\n\n\n<p>Tambi\u00e9n integramos en la discusi\u00f3n de nuestro Volumen temas sobre nueva legislaci\u00f3n. Ello incluye an\u00e1lisis, comentarios, an\u00e1lisis o cr\u00edticas al nuevo C\u00f3digo Civil u otra legislaci\u00f3n de gran impacto en nuestro ordenamiento.<\/p>\n\n\n\n<p>Nuestro Pa\u00eds enfrenta grandes retos que requieren de una clase jurista informada y activa en este tema. Les invitamos a que contin\u00faen pendientes a nuestras redes sociales para m\u00e1s informaci\u00f3n de nuestras convocatorias y a que env\u00eden sus art\u00edculos sobre este tema a revistajuridica.derecho@upr.edu en o antes del 15 de octubre de 2020 a las 11:59pm.<\/p>\n\n\n\n<p><em>Por ochenta y nueve a\u00f1os, nuestra Revista ha sido el espacio de interacci\u00f3n m\u00e1s importante para estudiantes, profesores y juristas que buscan discutir temas de vanguardia para nuestro ordenamiento jur\u00eddico. Volumen tras volumen la excelencia ha sido nuestra carta de presentaci\u00f3n, haciendo grandes aportaciones al debate en la academia, la judicatura y la sociedad en general. Este a\u00f1o celebraremos el nonag\u00e9simo volumen de nuestra importante instituci\u00f3n. Es meritorio continuar el legado de excelencia editorial y adem\u00e1s, que tengamos el espacio para reflexionar y celebrar estos noventa a\u00f1os de historia y servicio.<\/em><\/p>\n\n\n\n<p>Cordialmente, <\/p>\n\n\n\n<p>Junta Editora, Volumen XC<br>\nRevista Jur\u00eddica, Universidad de Puerto Rico<\/p>\n\n\n\n<figure class=\"wp-block-image\"><img loading=\"lazy\" decoding=\"async\" width=\"1024\" height=\"1024\" src=\"http:\/\/revistajuridica.uprrp.edu\/wp-content\/uploads\/2020\/07\/TemasRev-1024x1024.jpeg\" alt=\"\" class=\"wp-image-5362\" srcset=\"https:\/\/derecho.uprrp.edu\/revistajuridica\/wp-content\/uploads\/sites\/4\/2020\/07\/TemasRev-1024x1024.jpeg 1024w, https:\/\/derecho.uprrp.edu\/revistajuridica\/wp-content\/uploads\/sites\/4\/2020\/07\/TemasRev-300x300.jpeg 300w, https:\/\/derecho.uprrp.edu\/revistajuridica\/wp-content\/uploads\/sites\/4\/2020\/07\/TemasRev-150x150.jpeg 150w, https:\/\/derecho.uprrp.edu\/revistajuridica\/wp-content\/uploads\/sites\/4\/2020\/07\/TemasRev-768x768.jpeg 768w, https:\/\/derecho.uprrp.edu\/revistajuridica\/wp-content\/uploads\/sites\/4\/2020\/07\/TemasRev-1536x1536.jpeg 1536w, https:\/\/derecho.uprrp.edu\/revistajuridica\/wp-content\/uploads\/sites\/4\/2020\/07\/TemasRev.jpeg 1600w\" sizes=\"auto, (max-width: 1024px) 100vw, 1024px\" \/><\/figure>\n","protected":false},"excerpt":{"rendered":"<p>A la comunidad acad\u00e9mica y juristas: Durante 89 publicaciones la Revista Jur\u00eddica ha publicado l\u00edneas editoriales pertinentes a la realidad jur\u00eddica y social que ha vivido nuestro Pa\u00eds. En miras de continuar ofreciendo art\u00edculos de pertinencia y relevancia en el entorno jur\u00eddico, el Volumen 90 ha dise\u00f1ado un Plan de Trabajo que asume los asuntos<\/p>\n<div class=\"read-more\"><a href=\"https:\/\/derecho.uprrp.edu\/revistajuridica\/2020\/07\/15\/la-revista-juridica-anuncia-su-linea-editorial-para-el-volumen-90\/\" title=\"Read More\">Read More<\/a><\/div>\n","protected":false},"author":17,"featured_media":0,"comment_status":"closed","ping_status":"closed","sticky":false,"template":"","format":"standard","meta":{"footnotes":""},"categories":[1],"tags":[],"class_list":{"0":"post-5355","1":"post","2":"type-post","3":"status-publish","4":"format-standard","6":"category-uncategorized"},"_links":{"self":[{"href":"https:\/\/derecho.uprrp.edu\/revistajuridica\/wp-json\/wp\/v2\/posts\/5355","targetHints":{"allow":["GET"]}}],"collection":[{"href":"https:\/\/derecho.uprrp.edu\/revistajuridica\/wp-json\/wp\/v2\/posts"}],"about":[{"href":"https:\/\/derecho.uprrp.edu\/revistajuridica\/wp-json\/wp\/v2\/types\/post"}],"author":[{"embeddable":true,"href":"https:\/\/derecho.uprrp.edu\/revistajuridica\/wp-json\/wp\/v2\/users\/17"}],"replies":[{"embeddable":true,"href":"https:\/\/derecho.uprrp.edu\/revistajuridica\/wp-json\/wp\/v2\/comments?post=5355"}],"version-history":[{"count":0,"href":"https:\/\/derecho.uprrp.edu\/revistajuridica\/wp-json\/wp\/v2\/posts\/5355\/revisions"}],"wp:attachment":[{"href":"https:\/\/derecho.uprrp.edu\/revistajuridica\/wp-json\/wp\/v2\/media?parent=5355"}],"wp:term":[{"taxonomy":"category","embeddable":true,"href":"https:\/\/derecho.uprrp.edu\/revistajuridica\/wp-json\/wp\/v2\/categories?post=5355"},{"taxonomy":"post_tag","embeddable":true,"href":"https:\/\/derecho.uprrp.edu\/revistajuridica\/wp-json\/wp\/v2\/tags?post=5355"}],"curies":[{"name":"wp","href":"https:\/\/api.w.org\/{rel}","templated":true}]}}