{"id":5828,"date":"2021-08-24T21:00:51","date_gmt":"2021-08-25T01:00:51","guid":{"rendered":"http:\/\/revistajuridica.uprrp.edu\/?p=5828"},"modified":"2022-06-24T17:14:57","modified_gmt":"2022-06-24T17:14:57","slug":"la-revista-juridica-anuncia-su-linea-editorial-para-el-volumen-91","status":"publish","type":"post","link":"https:\/\/derecho.uprrp.edu\/revistajuridica\/2021\/08\/24\/la-revista-juridica-anuncia-su-linea-editorial-para-el-volumen-91\/","title":{"rendered":"La Revista Jur\u00eddica anuncia su l\u00ednea editorial para el Volumen 91"},"content":{"rendered":"\r\n<ul class=\"wp-block-gallery columns-1 is-cropped wp-block-gallery-1 is-layout-flex wp-block-gallery-is-layout-flex\">\r\n<li class=\"blocks-gallery-item\">\r\n<figure><img loading=\"lazy\" decoding=\"async\" width=\"1024\" height=\"1024\" class=\"wp-image-5829\" src=\"http:\/\/revistajuridica.uprrp.edu\/wp-content\/uploads\/2021\/08\/Arte-li\u0301nea-editorial.002-1024x1024.jpeg\" alt=\"\" data-id=\"5829\" srcset=\"https:\/\/derecho.uprrp.edu\/revistajuridica\/wp-content\/uploads\/sites\/4\/2021\/08\/Arte-li\u0301nea-editorial.002-1024x1024.jpeg 1024w, https:\/\/derecho.uprrp.edu\/revistajuridica\/wp-content\/uploads\/sites\/4\/2021\/08\/Arte-li\u0301nea-editorial.002-300x300.jpeg 300w, https:\/\/derecho.uprrp.edu\/revistajuridica\/wp-content\/uploads\/sites\/4\/2021\/08\/Arte-li\u0301nea-editorial.002-150x150.jpeg 150w, https:\/\/derecho.uprrp.edu\/revistajuridica\/wp-content\/uploads\/sites\/4\/2021\/08\/Arte-li\u0301nea-editorial.002-768x768.jpeg 768w, https:\/\/derecho.uprrp.edu\/revistajuridica\/wp-content\/uploads\/sites\/4\/2021\/08\/Arte-li\u0301nea-editorial.002-1536x1536.jpeg 1536w, https:\/\/derecho.uprrp.edu\/revistajuridica\/wp-content\/uploads\/sites\/4\/2021\/08\/Arte-li\u0301nea-editorial.002.jpeg 2000w\" sizes=\"auto, (max-width: 1024px) 100vw, 1024px\" \/><\/figure>\r\n<\/li>\r\n<\/ul>\r\n\r\n\r\n\r\n<p>A la comunidad acad\u00e9mica y juristas:<\/p>\r\n\r\n\r\n\r\n<p>Durante 90 a\u00f1os la Revista Jur\u00eddica ha publicado l\u00edneas editoriales que han ido a la m\u00e9dula de la realidad social y jur\u00eddica que vive nuestro pa\u00eds. El Volumen 91 aspira a continuar promoviendo espacios de discusi\u00f3n para las controversias presentes y futuras. Con el fin de continuar ofreciendo art\u00edculos de pertinencia y relevancia en el entorno jur\u00eddico, el Volumen 91 ha dise\u00f1ado su tema editorial para atender los asuntos principales de nuestra realidad, temas que merecen atenci\u00f3n inmediata de la comunidad jur\u00eddica.<\/p>\r\n\r\n\r\n\r\n<p>Con el fin de atender la realidad que nos ocupa, un n\u00famero de nuestra l\u00ednea editorial ser\u00e1: <strong>Transformaciones del derecho en tiempos de pandemia.<\/strong>\u00a0Este n\u00famero se encargar\u00e1 de analizar c\u00f3mo la pandemia ha incido sobre la creaci\u00f3n y pr\u00e1ctica del derecho. Algunos de los temas puntuales que abordar\u00e1 el n\u00famero en el marco de la pandemia ser\u00e1n:\u00a0<\/p>\r\n\r\n\r\n\r\n<ul class=\"wp-block-list\">\r\n<li>Ejercicio de derechos constitucionales<\/li>\r\n<li>Temas relacionados al derecho a vacunarse y no vacunarse<\/li>\r\n<li>Crisis clim\u00e1tica y el impacto que tuvo la respuesta al COVID-19 en su mitigaci\u00f3n\u00a0<\/li>\r\n<li>Respuesta internacional ante el COVID-19<\/li>\r\n<li>Tribunales: manejo de casos y acceso a la justicia\u00a0<\/li>\r\n<li>Avances tecnol\u00f3gicos como respuesta ante la pandemia y sus posibles repercusiones sobre el derecho a la privacidad<\/li>\r\n<li>Cambios\u00a0 existentes o potenciales en el derecho y la legislaci\u00f3n laboral\u00a0<\/li>\r\n<li>Aumento en estafas y cr\u00edmenes cibern\u00e9ticos<\/li>\r\n<\/ul>\r\n\r\n\r\n\r\n<p>Tambi\u00e9n integramos en la discusi\u00f3n de nuestro Volumen temas sobre nueva legislaci\u00f3n, y los retos y cambios en la profesi\u00f3n jur\u00eddica. Ello incluye an\u00e1lisis, comentarios, an\u00e1lisis o cr\u00edticas al nuevo C\u00f3digo Civil, al C\u00f3digo de \u00c9tica Profesional. Adem\u00e1s, integramos discusi\u00f3n sobre temas de impacto que se han visto desatendidos durante la pandemia como: los aspectos legales y las controversias sobre la construcci\u00f3n en costas y el impacto de la erosi\u00f3n costera, y la respuesta de las agencias gubernamentales a cat\u00e1strofes naturales con \u00e9nfasis en da\u00f1os ambientales.<\/p>\r\n\r\n\r\n\r\n<p>Nuestro pa\u00eds enfrenta grandes retos que requieren de una clase jurista informada que pueda atender la coyuntura actual. Les invitamos a que contin\u00faen pendientes a nuestras redes sociales para m\u00e1s informaci\u00f3n de nuestras convocatorias y a que env\u00eden sus art\u00edculos sobre este tema a revistajuridica.derecho@upr.edu.\u00a0<\/p>\r\n\r\n\r\n\r\n<p>Cordialmente,<\/p>\r\n\r\n\r\n\r\n<p>Junta Editora, Volumen XCI<br \/>Revista Jur\u00eddica, Universidad de Puerto Rico<\/p>\r\n","protected":false},"excerpt":{"rendered":"<p>A la comunidad acad\u00e9mica y juristas: Durante 90 a\u00f1os la Revista Jur\u00eddica ha publicado l\u00edneas editoriales que han ido a la m\u00e9dula de la realidad social y jur\u00eddica que vive nuestro pa\u00eds. El Volumen 91 aspira a continuar promoviendo espacios de discusi\u00f3n para las controversias presentes y futuras. Con el fin de continuar ofreciendo art\u00edculos<\/p>\n<div class=\"read-more\"><a href=\"https:\/\/derecho.uprrp.edu\/revistajuridica\/2021\/08\/24\/la-revista-juridica-anuncia-su-linea-editorial-para-el-volumen-91\/\" title=\"Read More\">Read More<\/a><\/div>\n","protected":false},"author":17,"featured_media":5830,"comment_status":"closed","ping_status":"closed","sticky":true,"template":"","format":"standard","meta":{"footnotes":""},"categories":[3],"tags":[97,121,128],"class_list":{"0":"post-5828","1":"post","2":"type-post","3":"status-publish","4":"format-standard","5":"has-post-thumbnail","7":"category-noticias","8":"tag-91anos","9":"tag-lineaeditorial","10":"tag-volumen91"},"_links":{"self":[{"href":"https:\/\/derecho.uprrp.edu\/revistajuridica\/wp-json\/wp\/v2\/posts\/5828","targetHints":{"allow":["GET"]}}],"collection":[{"href":"https:\/\/derecho.uprrp.edu\/revistajuridica\/wp-json\/wp\/v2\/posts"}],"about":[{"href":"https:\/\/derecho.uprrp.edu\/revistajuridica\/wp-json\/wp\/v2\/types\/post"}],"author":[{"embeddable":true,"href":"https:\/\/derecho.uprrp.edu\/revistajuridica\/wp-json\/wp\/v2\/users\/17"}],"replies":[{"embeddable":true,"href":"https:\/\/derecho.uprrp.edu\/revistajuridica\/wp-json\/wp\/v2\/comments?post=5828"}],"version-history":[{"count":2,"href":"https:\/\/derecho.uprrp.edu\/revistajuridica\/wp-json\/wp\/v2\/posts\/5828\/revisions"}],"predecessor-version":[{"id":6388,"href":"https:\/\/derecho.uprrp.edu\/revistajuridica\/wp-json\/wp\/v2\/posts\/5828\/revisions\/6388"}],"wp:featuredmedia":[{"embeddable":true,"href":"https:\/\/derecho.uprrp.edu\/revistajuridica\/wp-json\/wp\/v2\/media\/5830"}],"wp:attachment":[{"href":"https:\/\/derecho.uprrp.edu\/revistajuridica\/wp-json\/wp\/v2\/media?parent=5828"}],"wp:term":[{"taxonomy":"category","embeddable":true,"href":"https:\/\/derecho.uprrp.edu\/revistajuridica\/wp-json\/wp\/v2\/categories?post=5828"},{"taxonomy":"post_tag","embeddable":true,"href":"https:\/\/derecho.uprrp.edu\/revistajuridica\/wp-json\/wp\/v2\/tags?post=5828"}],"curies":[{"name":"wp","href":"https:\/\/api.w.org\/{rel}","templated":true}]}}