{"id":5962,"date":"2021-09-21T13:54:18","date_gmt":"2021-09-21T17:54:18","guid":{"rendered":"http:\/\/revistajuridica.uprrp.edu\/?p=5962"},"modified":"2021-09-21T13:54:18","modified_gmt":"2021-09-21T17:54:18","slug":"derecho-constitucional-5","status":"publish","type":"post","link":"https:\/\/derecho.uprrp.edu\/revistajuridica\/2021\/09\/21\/derecho-constitucional-5\/","title":{"rendered":"Derecho Constitucional"},"content":{"rendered":"\n<p>Autores: <em>Efr\u00e9n Rivera Ramos &amp; Karleen M\u00e9ndez Ben\u00edtez<\/em><\/p>\n\t\t\n\t\t\t<a href=\"http:\/\/revistajuridica.uprrp.edu\/wp-content\/uploads\/2021\/09\/Derecho-constitucional.pdf\" role=\"button\">\n\t\t\t\t\t\tArt\u00edculo en PDF\n\t\t\t\t\t<\/a>","protected":false},"excerpt":{"rendered":"<p>Autores: Efr\u00e9n Rivera Ramos &amp; Karleen M\u00e9ndez Ben\u00edtez Art\u00edculo en PDF<\/p>\n","protected":false},"author":17,"featured_media":0,"comment_status":"closed","ping_status":"closed","sticky":false,"template":"","format":"standard","meta":{"footnotes":""},"categories":[67],"tags":[],"class_list":{"0":"post-5962","1":"post","2":"type-post","3":"status-publish","4":"format-standard","6":"category-rev-90-num-2"},"_links":{"self":[{"href":"https:\/\/derecho.uprrp.edu\/revistajuridica\/wp-json\/wp\/v2\/posts\/5962","targetHints":{"allow":["GET"]}}],"collection":[{"href":"https:\/\/derecho.uprrp.edu\/revistajuridica\/wp-json\/wp\/v2\/posts"}],"about":[{"href":"https:\/\/derecho.uprrp.edu\/revistajuridica\/wp-json\/wp\/v2\/types\/post"}],"author":[{"embeddable":true,"href":"https:\/\/derecho.uprrp.edu\/revistajuridica\/wp-json\/wp\/v2\/users\/17"}],"replies":[{"embeddable":true,"href":"https:\/\/derecho.uprrp.edu\/revistajuridica\/wp-json\/wp\/v2\/comments?post=5962"}],"version-history":[{"count":0,"href":"https:\/\/derecho.uprrp.edu\/revistajuridica\/wp-json\/wp\/v2\/posts\/5962\/revisions"}],"wp:attachment":[{"href":"https:\/\/derecho.uprrp.edu\/revistajuridica\/wp-json\/wp\/v2\/media?parent=5962"}],"wp:term":[{"taxonomy":"category","embeddable":true,"href":"https:\/\/derecho.uprrp.edu\/revistajuridica\/wp-json\/wp\/v2\/categories?post=5962"},{"taxonomy":"post_tag","embeddable":true,"href":"https:\/\/derecho.uprrp.edu\/revistajuridica\/wp-json\/wp\/v2\/tags?post=5962"}],"curies":[{"name":"wp","href":"https:\/\/api.w.org\/{rel}","templated":true}]}}