{"id":6473,"date":"2023-02-05T17:06:04","date_gmt":"2023-02-05T17:06:04","guid":{"rendered":"https:\/\/derecho.uprrp.edu\/revistajuridica\/?p=6473"},"modified":"2023-02-05T17:42:08","modified_gmt":"2023-02-05T17:42:08","slug":"revista-juridica-de-la-upr-anuncia-su-debate-intramural","status":"publish","type":"post","link":"https:\/\/derecho.uprrp.edu\/revistajuridica\/2023\/02\/05\/revista-juridica-de-la-upr-anuncia-su-debate-intramural\/","title":{"rendered":"Revista Jur\u00eddica de la UPR anuncia su Debate Intramural"},"content":{"rendered":"<p><img loading=\"lazy\" decoding=\"async\" class=\"wp-image-6482 aligncenter\" src=\"https:\/\/derecho.uprrp.edu\/revistajuridica\/wp-content\/uploads\/sites\/4\/2023\/02\/Vol92_Artes_DebateIntramural.001-300x300.jpeg\" alt=\"\" width=\"429\" height=\"429\" srcset=\"https:\/\/derecho.uprrp.edu\/revistajuridica\/wp-content\/uploads\/sites\/4\/2023\/02\/Vol92_Artes_DebateIntramural.001-300x300.jpeg 300w, https:\/\/derecho.uprrp.edu\/revistajuridica\/wp-content\/uploads\/sites\/4\/2023\/02\/Vol92_Artes_DebateIntramural.001-1024x1024.jpeg 1024w, https:\/\/derecho.uprrp.edu\/revistajuridica\/wp-content\/uploads\/sites\/4\/2023\/02\/Vol92_Artes_DebateIntramural.001-150x150.jpeg 150w, https:\/\/derecho.uprrp.edu\/revistajuridica\/wp-content\/uploads\/sites\/4\/2023\/02\/Vol92_Artes_DebateIntramural.001-1536x1536.jpeg 1536w, https:\/\/derecho.uprrp.edu\/revistajuridica\/wp-content\/uploads\/sites\/4\/2023\/02\/Vol92_Artes_DebateIntramural.001.jpeg 2000w\" sizes=\"auto, (max-width: 429px) 100vw, 429px\" \/><\/p>\n<p>La Junta Editora del Volumen 92 de la Revista Jur\u00eddica de la Universidad de Puerto Rico se complace en anunciar el Debate Intramural de este a\u00f1o, donde se escoger\u00e1 el equipo -compuesto por dos estudiantes de nuestra Escuela de Derecho- a representar a la Universidad de Puerto Rico en el Debate Nacional Don Miguel Vel\u00e1zquez. El Debate Intramural contar\u00e1 con la participaci\u00f3n de un panel de jueces compuesto por los profesores Nilda Navarro Cabrer, Alvin Padilla Babilonia y Jorge Toledo Reyna. A continuaci\u00f3n podr\u00e1n encontrar las instrucciones y situaci\u00f3n de hechos del Debate Intramural.<\/p>\n<p style=\"text-align: left\"><a href=\"https:\/\/derecho.uprrp.edu\/revistajuridica\/wp-content\/uploads\/sites\/4\/2023\/02\/Vol92_Documento_Manual-Informativo-del-Debate-Intramural-2023.pdf\" class=\"sc-button sc-button-medium\" style=\"background: #981E1C;color: #ffffff\"><span>Manual Informativo &#8211; Reglas y Situaci\u00f3n de Hechos<\/span><\/a>\n<p>&nbsp;<\/p>\n<p>&nbsp;<\/p>\n","protected":false},"excerpt":{"rendered":"<p>La Junta Editora del Volumen 92 de la Revista Jur\u00eddica de la Universidad de Puerto Rico se complace en anunciar el Debate Intramural de este a\u00f1o, donde se escoger\u00e1 el equipo -compuesto por dos estudiantes de nuestra Escuela de Derecho- a representar a la Universidad de Puerto Rico en el Debate Nacional Don Miguel Vel\u00e1zquez.<\/p>\n<div class=\"read-more\"><a href=\"https:\/\/derecho.uprrp.edu\/revistajuridica\/2023\/02\/05\/revista-juridica-de-la-upr-anuncia-su-debate-intramural\/\" title=\"Read More\">Read More<\/a><\/div>\n","protected":false},"author":25,"featured_media":6482,"comment_status":"closed","ping_status":"closed","sticky":false,"template":"","format":"standard","meta":{"footnotes":""},"categories":[3,140],"tags":[],"class_list":{"0":"post-6473","1":"post","2":"type-post","3":"status-publish","4":"format-standard","5":"has-post-thumbnail","7":"category-noticias","8":"category-vol-92"},"_links":{"self":[{"href":"https:\/\/derecho.uprrp.edu\/revistajuridica\/wp-json\/wp\/v2\/posts\/6473","targetHints":{"allow":["GET"]}}],"collection":[{"href":"https:\/\/derecho.uprrp.edu\/revistajuridica\/wp-json\/wp\/v2\/posts"}],"about":[{"href":"https:\/\/derecho.uprrp.edu\/revistajuridica\/wp-json\/wp\/v2\/types\/post"}],"author":[{"embeddable":true,"href":"https:\/\/derecho.uprrp.edu\/revistajuridica\/wp-json\/wp\/v2\/users\/25"}],"replies":[{"embeddable":true,"href":"https:\/\/derecho.uprrp.edu\/revistajuridica\/wp-json\/wp\/v2\/comments?post=6473"}],"version-history":[{"count":8,"href":"https:\/\/derecho.uprrp.edu\/revistajuridica\/wp-json\/wp\/v2\/posts\/6473\/revisions"}],"predecessor-version":[{"id":7551,"href":"https:\/\/derecho.uprrp.edu\/revistajuridica\/wp-json\/wp\/v2\/posts\/6473\/revisions\/7551"}],"wp:featuredmedia":[{"embeddable":true,"href":"https:\/\/derecho.uprrp.edu\/revistajuridica\/wp-json\/wp\/v2\/media\/6482"}],"wp:attachment":[{"href":"https:\/\/derecho.uprrp.edu\/revistajuridica\/wp-json\/wp\/v2\/media?parent=6473"}],"wp:term":[{"taxonomy":"category","embeddable":true,"href":"https:\/\/derecho.uprrp.edu\/revistajuridica\/wp-json\/wp\/v2\/categories?post=6473"},{"taxonomy":"post_tag","embeddable":true,"href":"https:\/\/derecho.uprrp.edu\/revistajuridica\/wp-json\/wp\/v2\/tags?post=6473"}],"curies":[{"name":"wp","href":"https:\/\/api.w.org\/{rel}","templated":true}]}}