{"id":6502,"date":"2023-03-21T09:00:37","date_gmt":"2023-03-21T09:00:37","guid":{"rendered":"https:\/\/derecho.uprrp.edu\/revistajuridica\/?p=6502"},"modified":"2023-04-16T00:28:27","modified_gmt":"2023-04-16T00:28:27","slug":"competencia-debate-nacional-don-miguel-velazquez-2023","status":"publish","type":"post","link":"https:\/\/derecho.uprrp.edu\/revistajuridica\/2023\/03\/21\/competencia-debate-nacional-don-miguel-velazquez-2023\/","title":{"rendered":"Competencia Debate Nacional Don Miguel Vel\u00e1zquez 2023"},"content":{"rendered":"<p>La Junta Editora del Volumen XCII de la Revista Jur\u00eddica de la Universidad de Puerto Rico se complace en invitar a toda la comunidad a presenciar la prestigiosa Competencia Nacional de Debate Miguel Vel\u00e1zquez Rivera. Desde el 1994, la Revista Jur\u00eddica ha celebrado esta competencia con miras a propiciar el desarrollo de m\u00faltiples destrezas de discusi\u00f3n, persuasi\u00f3n y argumentaci\u00f3n oral, y promover el aprendizaje y la camarader\u00eda entre estudiantes de diferentes escuelas de Derecho del Pa\u00eds. Asimismo, la competencia sirve a los prop\u00f3sitos de fomentar el an\u00e1lisis cr\u00edtico y la rigurosidad intelectual de diversas controversias de inter\u00e9s en el campo jur\u00eddico y para la sociedad puertorrique\u00f1a, en general.<\/p>\n<div>\n<p>El tema que se debatir\u00e1 en la Competencia ser\u00e1 enfocado en el Derecho Penal<span lang=\"ES\">;<\/span> en particular, lo que respecta al tema de <span lang=\"ES-TRAD\">las sentencias suspendidas y la naturaleza p\u00fablica de las redes sociales<\/span>. La Competencia se celebrar\u00e1 el viernes, 2<span lang=\"ES-TRAD\">1<\/span> de abril de 20<span lang=\"ES-TRAD\">23<\/span> a las <span lang=\"ES-TRAD\">2:00<\/span> p.m<span lang=\"ES-TRAD\"> en el Tribunal Supremo de Puerto Rico<\/span>.<\/p>\n<\/div>\n<p>Adjunto encontrar\u00e1 el Manual Informativo de la Competencia, donde tendr\u00e1 acceso a informaci\u00f3n relacionada a las reglas, estructura del debate y criterios de evaluaci\u00f3n, al igual que la situaci\u00f3n de hechos que servir\u00e1 como base para el Debate.<\/p>\n<p>Para m\u00e1s informaci\u00f3n, puede descargar el Manual <a href=\"https:\/\/derecho.uprrp.edu\/revistajuridica\/wp-content\/uploads\/sites\/4\/2023\/04\/Vol92_Documento_Manual-Informativo-Debate-Nacional-2023-Enm.pdf\">aqu\u00ed<\/a> o escribirnos a\u00a0<span lang=\"ES\">revistajuridica.derecho@upr.edu<\/span>. Le notificamos que esta informaci\u00f3n es distribuida simult\u00e1neamente a las tres escuelas de derecho de Puerto Rico.<\/p>\n","protected":false},"excerpt":{"rendered":"<p>La Junta Editora del Volumen XCII de la Revista Jur\u00eddica de la Universidad de Puerto Rico se complace en invitar a toda la comunidad a presenciar la prestigiosa Competencia Nacional de Debate Miguel Vel\u00e1zquez Rivera. Desde el 1994, la Revista Jur\u00eddica ha celebrado esta competencia con miras a propiciar el desarrollo de m\u00faltiples destrezas de<\/p>\n<div class=\"read-more\"><a href=\"https:\/\/derecho.uprrp.edu\/revistajuridica\/2023\/03\/21\/competencia-debate-nacional-don-miguel-velazquez-2023\/\" title=\"Read More\">Read More<\/a><\/div>\n","protected":false},"author":25,"featured_media":0,"comment_status":"closed","ping_status":"closed","sticky":false,"template":"","format":"standard","meta":{"footnotes":""},"categories":[2,3,140],"tags":[],"class_list":{"0":"post-6502","1":"post","2":"type-post","3":"status-publish","4":"format-standard","6":"category-home","7":"category-noticias","8":"category-vol-92"},"_links":{"self":[{"href":"https:\/\/derecho.uprrp.edu\/revistajuridica\/wp-json\/wp\/v2\/posts\/6502","targetHints":{"allow":["GET"]}}],"collection":[{"href":"https:\/\/derecho.uprrp.edu\/revistajuridica\/wp-json\/wp\/v2\/posts"}],"about":[{"href":"https:\/\/derecho.uprrp.edu\/revistajuridica\/wp-json\/wp\/v2\/types\/post"}],"author":[{"embeddable":true,"href":"https:\/\/derecho.uprrp.edu\/revistajuridica\/wp-json\/wp\/v2\/users\/25"}],"replies":[{"embeddable":true,"href":"https:\/\/derecho.uprrp.edu\/revistajuridica\/wp-json\/wp\/v2\/comments?post=6502"}],"version-history":[{"count":2,"href":"https:\/\/derecho.uprrp.edu\/revistajuridica\/wp-json\/wp\/v2\/posts\/6502\/revisions"}],"predecessor-version":[{"id":6506,"href":"https:\/\/derecho.uprrp.edu\/revistajuridica\/wp-json\/wp\/v2\/posts\/6502\/revisions\/6506"}],"wp:attachment":[{"href":"https:\/\/derecho.uprrp.edu\/revistajuridica\/wp-json\/wp\/v2\/media?parent=6502"}],"wp:term":[{"taxonomy":"category","embeddable":true,"href":"https:\/\/derecho.uprrp.edu\/revistajuridica\/wp-json\/wp\/v2\/categories?post=6502"},{"taxonomy":"post_tag","embeddable":true,"href":"https:\/\/derecho.uprrp.edu\/revistajuridica\/wp-json\/wp\/v2\/tags?post=6502"}],"curies":[{"name":"wp","href":"https:\/\/api.w.org\/{rel}","templated":true}]}}