{"id":6516,"date":"2023-06-11T17:58:53","date_gmt":"2023-06-11T17:58:53","guid":{"rendered":"https:\/\/derecho.uprrp.edu\/revistajuridica\/?p=6516"},"modified":"2024-05-24T15:36:04","modified_gmt":"2024-05-24T15:36:04","slug":"primera-convocatoria-para-el-cuerpo-editorial-del-volumen-93","status":"publish","type":"post","link":"https:\/\/derecho.uprrp.edu\/revistajuridica\/2023\/06\/11\/primera-convocatoria-para-el-cuerpo-editorial-del-volumen-93\/","title":{"rendered":"Primera Convocatoria para el Cuerpo Editorial del Volumen 93"},"content":{"rendered":"<p><img loading=\"lazy\" decoding=\"async\" class=\"alignnone size-medium wp-image-6515\" src=\"https:\/\/derecho.uprrp.edu\/revistajuridica\/wp-content\/uploads\/sites\/4\/2023\/06\/Convocatorias-In-Rev_Redactores_Ejecutivos_Actividades_Relaciones_Publicas-Extract.001-300x300.jpeg\" alt=\"\" width=\"300\" height=\"300\" srcset=\"https:\/\/derecho.uprrp.edu\/revistajuridica\/wp-content\/uploads\/sites\/4\/2023\/06\/Convocatorias-In-Rev_Redactores_Ejecutivos_Actividades_Relaciones_Publicas-Extract.001-300x300.jpeg 300w, https:\/\/derecho.uprrp.edu\/revistajuridica\/wp-content\/uploads\/sites\/4\/2023\/06\/Convocatorias-In-Rev_Redactores_Ejecutivos_Actividades_Relaciones_Publicas-Extract.001-1024x1024.jpeg 1024w, https:\/\/derecho.uprrp.edu\/revistajuridica\/wp-content\/uploads\/sites\/4\/2023\/06\/Convocatorias-In-Rev_Redactores_Ejecutivos_Actividades_Relaciones_Publicas-Extract.001-150x150.jpeg 150w, https:\/\/derecho.uprrp.edu\/revistajuridica\/wp-content\/uploads\/sites\/4\/2023\/06\/Convocatorias-In-Rev_Redactores_Ejecutivos_Actividades_Relaciones_Publicas-Extract.001-1536x1536.jpeg 1536w, https:\/\/derecho.uprrp.edu\/revistajuridica\/wp-content\/uploads\/sites\/4\/2023\/06\/Convocatorias-In-Rev_Redactores_Ejecutivos_Actividades_Relaciones_Publicas-Extract.001.jpeg 2000w\" sizes=\"auto, (max-width: 300px) 100vw, 300px\" \/><img loading=\"lazy\" decoding=\"async\" class=\"alignnone size-medium wp-image-6514\" src=\"https:\/\/derecho.uprrp.edu\/revistajuridica\/wp-content\/uploads\/sites\/4\/2023\/06\/Convocatorias-In-Rev_Redactores_Ejecutivos_Actividades_Relaciones_Publicas-Extract.002-300x300.jpeg\" alt=\"\" width=\"300\" height=\"300\" srcset=\"https:\/\/derecho.uprrp.edu\/revistajuridica\/wp-content\/uploads\/sites\/4\/2023\/06\/Convocatorias-In-Rev_Redactores_Ejecutivos_Actividades_Relaciones_Publicas-Extract.002-300x300.jpeg 300w, https:\/\/derecho.uprrp.edu\/revistajuridica\/wp-content\/uploads\/sites\/4\/2023\/06\/Convocatorias-In-Rev_Redactores_Ejecutivos_Actividades_Relaciones_Publicas-Extract.002-1024x1024.jpeg 1024w, https:\/\/derecho.uprrp.edu\/revistajuridica\/wp-content\/uploads\/sites\/4\/2023\/06\/Convocatorias-In-Rev_Redactores_Ejecutivos_Actividades_Relaciones_Publicas-Extract.002-150x150.jpeg 150w, https:\/\/derecho.uprrp.edu\/revistajuridica\/wp-content\/uploads\/sites\/4\/2023\/06\/Convocatorias-In-Rev_Redactores_Ejecutivos_Actividades_Relaciones_Publicas-Extract.002-1536x1536.jpeg 1536w, https:\/\/derecho.uprrp.edu\/revistajuridica\/wp-content\/uploads\/sites\/4\/2023\/06\/Convocatorias-In-Rev_Redactores_Ejecutivos_Actividades_Relaciones_Publicas-Extract.002.jpeg 2000w\" sizes=\"auto, (max-width: 300px) 100vw, 300px\" \/><\/p>\n<h3 class=\"wp-block-heading\">Esta convocatoria es para los puestos de \u00a0<i>Jefe de In Rev, Jefes de Redactores, Jefe de Actividades, Jefe de Relaciones P\u00fablicas y Editores Ejecutivos<\/i><\/h3>\n<p>La Junta Editora del Volumen XCIII de la <strong>Revista Jur\u00eddica de la Universidad de Puerto Rico<\/strong> convoca a los estudiantes de la Escuela de Derecho para que formen parte del equipo que realizar\u00e1 las labores editoriales del Volumen 93.<\/p>\n<p><strong>La fecha l\u00edmite para la entrega de los documentos requeridos es el viernes, 30 de junio de 2023 a las 11:59 p.m<\/strong>. Con excepci\u00f3n del ejercicio de edici\u00f3n para los puestos de Jefe de Redactores y Editor Ejecutivo\u2014que deber\u00e1 entregarse en formato docx (<em>Word<\/em>)\u2014 todos los documentos ser\u00e1n sometidos en formato PDF a trav\u00e9s del formulario de solicitud en l\u00ednea de la posici\u00f3n deseada (<em>Google Form<\/em>). <strong>Es importante que al someter su solicitud, env\u00ede un correo electr\u00f3nico a <\/strong><a href=\"mailto:revistajuridica.derecho@upr.edu\"><strong>revistajuridica.derecho@upr.edu<\/strong><\/a><strong>, dejando saber su intenci\u00f3n, para corroborar que se hayan recibido los documentos requeridos.<\/strong> Para cualquier duda o pregunta se puede comunicar a trav\u00e9s de <a href=\"http:\/\/revistajuridica.uprrp.edu\/2020\/06\/17\/primera-convocatoria-para-el-cuerpo-editorial-del-volumen-90\/revistajuridica.derecho@upr.edu\"><strong>revistajuridica.derecho@upr.edu<\/strong><\/a>. Para descargar el ejercicio de edici\u00f3n del puesto de Jefe de Redactor\u00a0<a href=\"https:\/\/derecho.uprrp.edu\/revistajuridica\/wp-content\/uploads\/sites\/4\/2023\/06\/Examen-de-edicion-Jefea-de-Redaccion-.docx\"><strong>oprima aqu\u00ed\u00a0<\/strong><\/a>y para descargar el ejercicio de edici\u00f3n para el puesto de Editor Ejecutivo\u00a0<strong><a href=\"https:\/\/derecho.uprrp.edu\/revistajuridica\/wp-content\/uploads\/sites\/4\/2023\/06\/Examen-de-edicion-Editor-Ejecutivo-1.docx\">oprima aqu\u00ed<\/a>.<\/strong><\/p>\n<p>&nbsp;<\/p>\n<a href=\"https:\/\/derecho.uprrp.edu\/revistajuridica\/wp-content\/uploads\/sites\/4\/2023\/06\/Convocatoria-Jefea-In-Rev-Volumen-93.docx.pdf\" class=\"sc-button sc-button-medium\" style=\"background: #981E1C;color: #ffffff\"><span>Convocatoria Jefe(a) de In Rev<\/span><\/a>\n<div class=\"row cf\"><\/div><a href=\"https:\/\/derecho.uprrp.edu\/revistajuridica\/wp-content\/uploads\/sites\/4\/2023\/06\/Jefea-de-Redactores-Vol.-93.docx.pdf\" class=\"sc-button sc-button-medium\" style=\"background: #981E1C;color: #ffffff\"><span>Convocatoria Jefe(a) de Redactores<\/span><\/a>\n<div class=\"row cf\"><\/div><a href=\"https:\/\/derecho.uprrp.edu\/revistajuridica\/wp-content\/uploads\/sites\/4\/2023\/06\/Convocatoria-Volumen-93-Jefea-de-Actividades.docx.pdf\" class=\"sc-button sc-button-medium\" style=\"background: #981E1C;color: #ffffff\"><span>Convocatoria Jefe(a) de Actividades<\/span><\/a>\n<div class=\"sc-list sc-list-check fa-ul\"><ul class=''>\n<\/ul><\/div><a href=\"https:\/\/derecho.uprrp.edu\/revistajuridica\/wp-content\/uploads\/sites\/4\/2023\/06\/Jefea-Relaciones-Publicas-Volumen-93.docx-2-1.pdf\" class=\"sc-button sc-button-medium\" style=\"background: #981E1C;color: #ffffff\"><span>Convocatoria Jefe(a) Relaciones P\u00fablicas<\/span><\/a>\n<div class=\"sc-list sc-list-check fa-ul\"><ul class=''>\n<\/ul><\/div><a href=\"https:\/\/derecho.uprrp.edu\/revistajuridica\/wp-content\/uploads\/sites\/4\/2023\/06\/Convocatoria-Editores-Ejecutivos-Volumen-93.docx-2.pdf\" class=\"sc-button sc-button-medium\" style=\"background: #981E1C;color: #ffffff\"><span>Convocatoria Editor Ejecutivo<\/span><\/a>\n","protected":false},"excerpt":{"rendered":"<p>Esta convocatoria es para los puestos de \u00a0Jefe de In Rev, Jefes de Redactores, Jefe de Actividades, Jefe de Relaciones P\u00fablicas y Editores Ejecutivos La Junta Editora del Volumen XCIII de la Revista Jur\u00eddica de la Universidad de Puerto Rico convoca a los estudiantes de la Escuela de Derecho para que formen parte del equipo<\/p>\n<div class=\"read-more\"><a href=\"https:\/\/derecho.uprrp.edu\/revistajuridica\/2023\/06\/11\/primera-convocatoria-para-el-cuerpo-editorial-del-volumen-93\/\" title=\"Read More\">Read More<\/a><\/div>\n","protected":false},"author":33,"featured_media":6524,"comment_status":"closed","ping_status":"closed","sticky":false,"template":"","format":"standard","meta":{"footnotes":""},"categories":[2,3],"tags":[],"class_list":{"0":"post-6516","1":"post","2":"type-post","3":"status-publish","4":"format-standard","5":"has-post-thumbnail","7":"category-home","8":"category-noticias"},"_links":{"self":[{"href":"https:\/\/derecho.uprrp.edu\/revistajuridica\/wp-json\/wp\/v2\/posts\/6516","targetHints":{"allow":["GET"]}}],"collection":[{"href":"https:\/\/derecho.uprrp.edu\/revistajuridica\/wp-json\/wp\/v2\/posts"}],"about":[{"href":"https:\/\/derecho.uprrp.edu\/revistajuridica\/wp-json\/wp\/v2\/types\/post"}],"author":[{"embeddable":true,"href":"https:\/\/derecho.uprrp.edu\/revistajuridica\/wp-json\/wp\/v2\/users\/33"}],"replies":[{"embeddable":true,"href":"https:\/\/derecho.uprrp.edu\/revistajuridica\/wp-json\/wp\/v2\/comments?post=6516"}],"version-history":[{"count":26,"href":"https:\/\/derecho.uprrp.edu\/revistajuridica\/wp-json\/wp\/v2\/posts\/6516\/revisions"}],"predecessor-version":[{"id":6521,"href":"https:\/\/derecho.uprrp.edu\/revistajuridica\/wp-json\/wp\/v2\/posts\/6516\/revisions\/6521"}],"wp:featuredmedia":[{"embeddable":true,"href":"https:\/\/derecho.uprrp.edu\/revistajuridica\/wp-json\/wp\/v2\/media\/6524"}],"wp:attachment":[{"href":"https:\/\/derecho.uprrp.edu\/revistajuridica\/wp-json\/wp\/v2\/media?parent=6516"}],"wp:term":[{"taxonomy":"category","embeddable":true,"href":"https:\/\/derecho.uprrp.edu\/revistajuridica\/wp-json\/wp\/v2\/categories?post=6516"},{"taxonomy":"post_tag","embeddable":true,"href":"https:\/\/derecho.uprrp.edu\/revistajuridica\/wp-json\/wp\/v2\/tags?post=6516"}],"curies":[{"name":"wp","href":"https:\/\/api.w.org\/{rel}","templated":true}]}}