{"id":6583,"date":"2023-06-22T00:01:14","date_gmt":"2023-06-22T00:01:14","guid":{"rendered":"https:\/\/derecho.uprrp.edu\/revistajuridica\/?p=6583"},"modified":"2024-05-24T15:35:49","modified_gmt":"2024-05-24T15:35:49","slug":"segunda-convocatoria-para-el-cuerpo-editorial-del-volumen-93","status":"publish","type":"post","link":"https:\/\/derecho.uprrp.edu\/revistajuridica\/2023\/06\/22\/segunda-convocatoria-para-el-cuerpo-editorial-del-volumen-93\/","title":{"rendered":"Segunda Convocatoria para el Cuerpo Editorial del Volumen 93"},"content":{"rendered":"<h3 class=\"wp-block-heading\"><img loading=\"lazy\" decoding=\"async\" class=\"alignnone size-medium wp-image-6584\" src=\"https:\/\/derecho.uprrp.edu\/revistajuridica\/wp-content\/uploads\/sites\/4\/2023\/06\/Convocatorias.003-300x300.jpeg\" alt=\"\" width=\"300\" height=\"300\" srcset=\"https:\/\/derecho.uprrp.edu\/revistajuridica\/wp-content\/uploads\/sites\/4\/2023\/06\/Convocatorias.003-300x300.jpeg 300w, https:\/\/derecho.uprrp.edu\/revistajuridica\/wp-content\/uploads\/sites\/4\/2023\/06\/Convocatorias.003-1024x1024.jpeg 1024w, https:\/\/derecho.uprrp.edu\/revistajuridica\/wp-content\/uploads\/sites\/4\/2023\/06\/Convocatorias.003-150x150.jpeg 150w, https:\/\/derecho.uprrp.edu\/revistajuridica\/wp-content\/uploads\/sites\/4\/2023\/06\/Convocatorias.003-1536x1536.jpeg 1536w, https:\/\/derecho.uprrp.edu\/revistajuridica\/wp-content\/uploads\/sites\/4\/2023\/06\/Convocatorias.003.jpeg 2000w\" sizes=\"auto, (max-width: 300px) 100vw, 300px\" \/><\/h3>\n<h3 class=\"wp-block-heading\">Esta convocatoria es para los puestos de\u00a0<i>Editores Titulares y Redactores<\/i><\/h3>\n<p>La Junta Editora del Volumen XCIII de la <strong>Revista Jur\u00eddica de la Universidad de Puerto Rico<\/strong> convoca a los estudiantes de la Escuela de Derecho para que formen parte del equipo que realizar\u00e1 las labores editoriales del Volumen 93.<\/p>\n<p><strong>La fecha l\u00edmite para la entrega de los documentos requeridos es el viernes, 7 de julio de 2023 a las 11:59 p.m<\/strong>. Con excepci\u00f3n del ejercicio de edici\u00f3n para el puesto de Editor Titular\u2014que deber\u00e1 entregarse en formato docx (<em>Word<\/em>)\u2014 todos los documentos ser\u00e1n sometidos en formato PDF a trav\u00e9s del formulario de solicitud en l\u00ednea de la posici\u00f3n deseada (<em>Google Form<\/em>). <strong>Es importante que al someter su solicitud, env\u00ede un correo electr\u00f3nico a <\/strong><a href=\"mailto:revistajuridica.derecho@upr.edu\"><strong>revistajuridica.derecho@upr.edu<\/strong><\/a><strong>, dejando saber su intenci\u00f3n, para corroborar que se hayan recibido los documentos requeridos.<\/strong> Para cualquier duda o pregunta se puede comunicar a trav\u00e9s de <a href=\"http:\/\/revistajuridica.uprrp.edu\/2020\/06\/17\/primera-convocatoria-para-el-cuerpo-editorial-del-volumen-90\/revistajuridica.derecho@upr.edu\"><strong>revistajuridica.derecho@upr.edu<\/strong><\/a>. Para descargar el ejercicio de edici\u00f3n del puesto de Editor Titular <a href=\"https:\/\/derecho.uprrp.edu\/revistajuridica\/wp-content\/uploads\/sites\/4\/2023\/06\/Examen-de-edicion-Editor-Titular.docx\">oprima aqu\u00ed.<\/a><\/p>\n<p>&nbsp;<\/p>\n<a href=\"https:\/\/derecho.uprrp.edu\/revistajuridica\/wp-content\/uploads\/sites\/4\/2023\/06\/Convocatoria-Titulares-Volumen-XCIII.docx-1.pdf\" class=\"sc-button sc-button-medium\" style=\"background: #981E1C;color: #ffffff\"><span>Convocatoria Editor(a) Titular<\/span><\/a>\n<div class=\"row cf\"><\/div><a href=\"https:\/\/derecho.uprrp.edu\/revistajuridica\/wp-content\/uploads\/sites\/4\/2023\/06\/Convocatoria-Redactores-Vol.-93.docx.pdf\" class=\"sc-button sc-button-medium\" style=\"background: #981E1C;color: #ffffff\"><span>Convocatoria Redactor(a)<\/span><\/a>\n","protected":false},"excerpt":{"rendered":"<p>Esta convocatoria es para los puestos de\u00a0Editores Titulares y Redactores La Junta Editora del Volumen XCIII de la Revista Jur\u00eddica de la Universidad de Puerto Rico convoca a los estudiantes de la Escuela de Derecho para que formen parte del equipo que realizar\u00e1 las labores editoriales del Volumen 93. La fecha l\u00edmite para la entrega<\/p>\n<div class=\"read-more\"><a href=\"https:\/\/derecho.uprrp.edu\/revistajuridica\/2023\/06\/22\/segunda-convocatoria-para-el-cuerpo-editorial-del-volumen-93\/\" title=\"Read More\">Read More<\/a><\/div>\n","protected":false},"author":33,"featured_media":6585,"comment_status":"closed","ping_status":"closed","sticky":false,"template":"","format":"standard","meta":{"footnotes":""},"categories":[3],"tags":[],"class_list":{"0":"post-6583","1":"post","2":"type-post","3":"status-publish","4":"format-standard","5":"has-post-thumbnail","7":"category-noticias"},"_links":{"self":[{"href":"https:\/\/derecho.uprrp.edu\/revistajuridica\/wp-json\/wp\/v2\/posts\/6583","targetHints":{"allow":["GET"]}}],"collection":[{"href":"https:\/\/derecho.uprrp.edu\/revistajuridica\/wp-json\/wp\/v2\/posts"}],"about":[{"href":"https:\/\/derecho.uprrp.edu\/revistajuridica\/wp-json\/wp\/v2\/types\/post"}],"author":[{"embeddable":true,"href":"https:\/\/derecho.uprrp.edu\/revistajuridica\/wp-json\/wp\/v2\/users\/33"}],"replies":[{"embeddable":true,"href":"https:\/\/derecho.uprrp.edu\/revistajuridica\/wp-json\/wp\/v2\/comments?post=6583"}],"version-history":[{"count":6,"href":"https:\/\/derecho.uprrp.edu\/revistajuridica\/wp-json\/wp\/v2\/posts\/6583\/revisions"}],"predecessor-version":[{"id":6601,"href":"https:\/\/derecho.uprrp.edu\/revistajuridica\/wp-json\/wp\/v2\/posts\/6583\/revisions\/6601"}],"wp:featuredmedia":[{"embeddable":true,"href":"https:\/\/derecho.uprrp.edu\/revistajuridica\/wp-json\/wp\/v2\/media\/6585"}],"wp:attachment":[{"href":"https:\/\/derecho.uprrp.edu\/revistajuridica\/wp-json\/wp\/v2\/media?parent=6583"}],"wp:term":[{"taxonomy":"category","embeddable":true,"href":"https:\/\/derecho.uprrp.edu\/revistajuridica\/wp-json\/wp\/v2\/categories?post=6583"},{"taxonomy":"post_tag","embeddable":true,"href":"https:\/\/derecho.uprrp.edu\/revistajuridica\/wp-json\/wp\/v2\/tags?post=6583"}],"curies":[{"name":"wp","href":"https:\/\/api.w.org\/{rel}","templated":true}]}}