{"id":6602,"date":"2023-06-29T00:01:38","date_gmt":"2023-06-29T00:01:38","guid":{"rendered":"https:\/\/derecho.uprrp.edu\/revistajuridica\/?p=6602"},"modified":"2024-05-24T15:35:49","modified_gmt":"2024-05-24T15:35:49","slug":"el-junta-editora-del-volumen-93-anuncia-su-linea-editorial","status":"publish","type":"post","link":"https:\/\/derecho.uprrp.edu\/revistajuridica\/2023\/06\/29\/el-junta-editora-del-volumen-93-anuncia-su-linea-editorial\/","title":{"rendered":"La Junta Editora del Volumen 93 anuncia su l\u00ednea editorial"},"content":{"rendered":"<p>A la comunidad acad\u00e9mica y juristas:<\/p>\n<p>Durante 92 a\u00f1os la Revista Jur\u00eddica ha publicado l\u00edneas editoriales que han ido a la m\u00e9dula de la realidad social y jur\u00eddica que vive nuestro pa\u00eds. El Volumen 93 aspira a continuar promoviendo espacios de discusi\u00f3n para las controversias presentes y futuras. Con el fin de continuar ofreciendo art\u00edculos de pertinencia y relevancia en el entorno jur\u00eddico, el Volumen 93 ha dise\u00f1ado su tema editorial para atender los asuntos principales de nuestra realidad, temas que merecen atenci\u00f3n inmediata de la comunidad jur\u00eddica.<\/p>\n<p>Con el fin de atender la realidad que nos ocupa, un n\u00famero de nuestra l\u00ednea editorial ser\u00e1: <strong>Retos contempor\u00e1neos de la \u00e9tica profesional.<\/strong>\u00a0Este n\u00famero se encargar\u00e1 de analizar los recientes cambios en los est\u00e1ndares y la normativa de la conducta profesional. Algunos de los temas puntuales que abordar\u00e1 el n\u00famero ser\u00e1n:<\/p>\n<ul>\n<li>Recientes cambios en las Reglas Modelo de la ABA<\/li>\n<li>Revisi\u00f3n del Proyecto de Reglas de Conducta Profesional de Puerto Rico<\/li>\n<li>Desarrollo de nuevas tecnolog\u00edas<\/li>\n<li>Tendencias en las actuaciones de parte de profesionales del Derecho<\/li>\n<li>Manejo de casos y sanciones \u00e9ticas<\/li>\n<\/ul>\n<p>Tambi\u00e9n integramos en la discusi\u00f3n de nuestro Volumen un n\u00famero cuya l\u00ednea editorial ser\u00e1\u00a0<strong>Cambio Clim\u00e1tico: Efectos de la crisis ambiental en Puerto Rico y el Mundo.<\/strong> Bajo este, buscamos realizar un an\u00e1lisis hol\u00edstico de las consecuencias del cambio clim\u00e1tico, partiendo desde \u00e1reas del derecho tales como: Derecho Ambiental, Derechos Reales, Estudios Cr\u00edticos del Derecho, Derecho Internacional, entre otras.<\/p>\n<p>Nuestro pa\u00eds enfrenta grandes retos que requieren de una clase jurista informada que pueda atender la coyuntura actual. Les invitamos a que contin\u00faen pendientes a nuestras redes sociales para m\u00e1s informaci\u00f3n de nuestras convocatorias y a que env\u00eden sus art\u00edculos sobre este tema a revistajuridica.derecho@upr.edu.<\/p>\n<p>Cordialmente,<\/p>\n<p>Junta Editora, Volumen XCIII<br \/>\nRevista Jur\u00eddica, Universidad de Puerto Rico<\/p>\n","protected":false},"excerpt":{"rendered":"<p>A la comunidad acad\u00e9mica y juristas: Durante 92 a\u00f1os la Revista Jur\u00eddica ha publicado l\u00edneas editoriales que han ido a la m\u00e9dula de la realidad social y jur\u00eddica que vive nuestro pa\u00eds. El Volumen 93 aspira a continuar promoviendo espacios de discusi\u00f3n para las controversias presentes y futuras. Con el fin de continuar ofreciendo art\u00edculos<\/p>\n<div class=\"read-more\"><a href=\"https:\/\/derecho.uprrp.edu\/revistajuridica\/2023\/06\/29\/el-junta-editora-del-volumen-93-anuncia-su-linea-editorial\/\" title=\"Read More\">Read More<\/a><\/div>\n","protected":false},"author":33,"featured_media":6610,"comment_status":"closed","ping_status":"closed","sticky":false,"template":"","format":"standard","meta":{"footnotes":""},"categories":[3],"tags":[],"class_list":{"0":"post-6602","1":"post","2":"type-post","3":"status-publish","4":"format-standard","5":"has-post-thumbnail","7":"category-noticias"},"_links":{"self":[{"href":"https:\/\/derecho.uprrp.edu\/revistajuridica\/wp-json\/wp\/v2\/posts\/6602","targetHints":{"allow":["GET"]}}],"collection":[{"href":"https:\/\/derecho.uprrp.edu\/revistajuridica\/wp-json\/wp\/v2\/posts"}],"about":[{"href":"https:\/\/derecho.uprrp.edu\/revistajuridica\/wp-json\/wp\/v2\/types\/post"}],"author":[{"embeddable":true,"href":"https:\/\/derecho.uprrp.edu\/revistajuridica\/wp-json\/wp\/v2\/users\/33"}],"replies":[{"embeddable":true,"href":"https:\/\/derecho.uprrp.edu\/revistajuridica\/wp-json\/wp\/v2\/comments?post=6602"}],"version-history":[{"count":6,"href":"https:\/\/derecho.uprrp.edu\/revistajuridica\/wp-json\/wp\/v2\/posts\/6602\/revisions"}],"predecessor-version":[{"id":7498,"href":"https:\/\/derecho.uprrp.edu\/revistajuridica\/wp-json\/wp\/v2\/posts\/6602\/revisions\/7498"}],"wp:featuredmedia":[{"embeddable":true,"href":"https:\/\/derecho.uprrp.edu\/revistajuridica\/wp-json\/wp\/v2\/media\/6610"}],"wp:attachment":[{"href":"https:\/\/derecho.uprrp.edu\/revistajuridica\/wp-json\/wp\/v2\/media?parent=6602"}],"wp:term":[{"taxonomy":"category","embeddable":true,"href":"https:\/\/derecho.uprrp.edu\/revistajuridica\/wp-json\/wp\/v2\/categories?post=6602"},{"taxonomy":"post_tag","embeddable":true,"href":"https:\/\/derecho.uprrp.edu\/revistajuridica\/wp-json\/wp\/v2\/tags?post=6602"}],"curies":[{"name":"wp","href":"https:\/\/api.w.org\/{rel}","templated":true}]}}