{"id":6690,"date":"2023-08-13T00:01:11","date_gmt":"2023-08-13T00:01:11","guid":{"rendered":"https:\/\/derecho.uprrp.edu\/revistajuridica\/?p=6690"},"modified":"2024-05-24T15:35:49","modified_gmt":"2024-05-24T15:35:49","slug":"oportunidad-de-internado-en-la-revista-juridica-para-estudiantes-del-recinto-de-rio-piedras","status":"publish","type":"post","link":"https:\/\/derecho.uprrp.edu\/revistajuridica\/2023\/08\/13\/oportunidad-de-internado-en-la-revista-juridica-para-estudiantes-del-recinto-de-rio-piedras\/","title":{"rendered":"Oportunidad de internado en la Revista Jur\u00eddica para estudiantes del Recinto de R\u00edo Piedras"},"content":{"rendered":"<p><b><img loading=\"lazy\" decoding=\"async\" class=\"alignnone size-medium wp-image-6691\" src=\"https:\/\/derecho.uprrp.edu\/revistajuridica\/wp-content\/uploads\/sites\/4\/2023\/08\/Convocatoria-de-Internado.001-300x300.jpeg\" alt=\"\" width=\"300\" height=\"300\" srcset=\"https:\/\/derecho.uprrp.edu\/revistajuridica\/wp-content\/uploads\/sites\/4\/2023\/08\/Convocatoria-de-Internado.001-300x300.jpeg 300w, https:\/\/derecho.uprrp.edu\/revistajuridica\/wp-content\/uploads\/sites\/4\/2023\/08\/Convocatoria-de-Internado.001-1024x1024.jpeg 1024w, https:\/\/derecho.uprrp.edu\/revistajuridica\/wp-content\/uploads\/sites\/4\/2023\/08\/Convocatoria-de-Internado.001-150x150.jpeg 150w, https:\/\/derecho.uprrp.edu\/revistajuridica\/wp-content\/uploads\/sites\/4\/2023\/08\/Convocatoria-de-Internado.001.jpeg 1080w\" sizes=\"auto, (max-width: 300px) 100vw, 300px\" \/><\/b><\/p>\n<p><b>INTERNADO EN LA REVISTA JUR\u00cdDICA DE LA UNIVERSIDAD DE PUERTO RICO\u00a0<\/b><\/p>\n<p><b>A<\/b><b>CERCA<\/b> <b>DE<\/b> <b>LA<\/b><b> R<\/b><b>EVISTA<\/b><b> J<\/b><b>UR\u00cdDICA<\/b><b>:\u00a0\u00a0<\/b><\/p>\n<p><span style=\"font-weight: 400\">La Revista Jur\u00eddica de la Universidad de Puerto Rico, fundada en el 1931, es un taller pr\u00e1ctico de investigaci\u00f3n jur\u00eddica dirigida por los y las estudiantes de la Escuela de Derecho de la Universidad de Puerto Rico. Por noventa y dos a\u00f1os, la Revista ha sido el espacio m\u00e1s importante del Pa\u00eds en interacci\u00f3n para estudiantes, profesores y profesoras, y juristas que buscan discutir temas de vanguardia para nuestro ordenamiento jur\u00eddico. Volumen tras volumen, la excelencia ha sido nuestra carta de presentaci\u00f3n, haciendo grandes aportaciones al debate en la academia, la judicatura y la sociedad en general.\u00a0<\/span><\/p>\n<p><b>R<\/b><b>ESUMEN<\/b> <b>DEL<\/b> <b>PUESTO<\/b><b>:\u00a0\u00a0<\/b><\/p>\n<p><span style=\"font-weight: 400\">El trabajo que realizar\u00e1 el interno o la interna, dependiendo del \u00e1rea de trabajo, se enfocar\u00e1 en la b\u00fasqueda de informaci\u00f3n y edici\u00f3n de textos acad\u00e9micos, o en la colaboraci\u00f3n en las actividades o en las relaciones p\u00fablicas de la Revista Jur\u00eddica. Este puesto responde directamente a la directora, o jefe o jefa que se le asigne.\u00a0<\/span><\/p>\n<p><span style=\"font-weight: 400\">Este internado ser\u00e1 un foro ideal para la formaci\u00f3n profesional de estudiantes de bachillerato que interesen continuar sus estudios en derecho o en desarrollar sus destrezas como organizadores de actividades o de relaciones p\u00fablicas. Aquellos interesados o aquellas interesadas en trabajar en los art\u00edculos de la Revista deber\u00e1n solicitar al \u00e1rea de <\/span><b>Edici\u00f3n<\/b><span style=\"font-weight: 400\">; para los interesados o interesadas en colaborar en actividades, deber\u00e1n solicitar al \u00e1rea de <\/span><b>Coordinaci\u00f3n de actividades<\/b><span style=\"font-weight: 400\">, y si se desea trabajar en las relaciones p\u00fablicas, deber\u00e1 solicitar al \u00e1rea de <\/span><b>Relaciones P\u00fablicas.\u00a0<\/b><\/p>\n<p><b>D<\/b><b>URACI\u00d3N DEL PROGRAMA<\/b><b>:\u00a0<\/b><\/p>\n<p><span style=\"font-weight: 400\">El a\u00f1o acad\u00e9mico 2023-2024.<\/span><\/p>\n<p><b>C<\/b><b>\u00d3MO<\/b> <b>SOLICITAR<\/b><b>:\u00a0<\/b><\/p>\n<p><span style=\"font-weight: 400\">Los candidatos interesados deber\u00e1n cumplimentar el siguiente formulario:<\/span> <a href=\"https:\/\/forms.gle\/nHfjAdxj1eySZzgf9\"><span style=\"font-weight: 400\">https:\/\/forms.gle\/nHfjAdxj1eySZzgf9<\/span><\/a><span style=\"font-weight: 400\">. En \u00e9l deber\u00e1n incluir los siguientes documentos en PDF: resum\u00e9, carta de presentaci\u00f3n, transcripci\u00f3n de cr\u00e9ditos y escrito previo. <\/span><b>Las solicitudes que se reciban luego de las 11:59 p.m. del 31 de agosto de 2023 no ser\u00e1n consideradas.<\/b><\/p>\n<p><b>\u00a0<\/b><b>R<\/b><b>ESPONSABILIDADES<\/b><b>:\u00a0<\/b><\/p>\n<p><b><i>Internos de Edici\u00f3n<\/i><\/b><\/p>\n<ul>\n<li style=\"font-weight: 400\"><span style=\"font-weight: 400\">B\u00fasqueda y corroboraci\u00f3n de fuentes f\u00edsicas y digitales.\u00a0<\/span><\/li>\n<li style=\"font-weight: 400\"><span style=\"font-weight: 400\">Revisi\u00f3n de citas y contenido.\u00a0<\/span><\/li>\n<li style=\"font-weight: 400\"><span style=\"font-weight: 400\">Edici\u00f3n del texto de los art\u00edculos.\u00a0<\/span><\/li>\n<li style=\"font-weight: 400\"><span style=\"font-weight: 400\">Asistencia a reuniones.\u00a0\u00a0<\/span><\/li>\n<li style=\"font-weight: 400\"><span style=\"font-weight: 400\">Brindarle apoyo a la Junta Editorial de la Revista.\u00a0<\/span><\/li>\n<\/ul>\n<p><b><i>Internos de Coordinaci\u00f3n de actividades<\/i><\/b><\/p>\n<ul>\n<li><span style=\"font-weight: 400\">Colaboraci\u00f3n con el Jefe de Actividades<\/span><\/li>\n<li style=\"font-weight: 400\"><span style=\"font-weight: 400\">Organizaci\u00f3n de las actividades de la Revista Jur\u00eddica, incluyendo debates estudiantiles del Derecho y <\/span><i><span style=\"font-weight: 400\">fundraisers.\u00a0<\/span><\/i><\/li>\n<\/ul>\n<p><b><i>Internos de Relaciones p\u00fablicas<\/i><\/b><\/p>\n<ul>\n<li style=\"font-weight: 400\"><span style=\"font-weight: 400\">Colaboraci\u00f3n con la Jefa de Relaciones P\u00fablicas<\/span><\/li>\n<li style=\"font-weight: 400\"><span style=\"font-weight: 400\">Organizaci\u00f3n de las publicaciones de avisos y noticias informativas en las redes sociales<\/span><\/li>\n<li style=\"font-weight: 400\"><span style=\"font-weight: 400\">Manejo de redes sociales<\/span><\/li>\n<li style=\"font-weight: 400\"><span style=\"font-weight: 400\">Creaci\u00f3n de artes gr\u00e1ficas y publicaci\u00f3n de contenido<\/span><\/li>\n<\/ul>\n<p><b>R<\/b><b>EQUISITOS<\/b><b>:\u00a0<\/b><\/p>\n<ul>\n<li style=\"font-weight: 400\"><span style=\"font-weight: 400\">\u00cdndice acad\u00e9mico general (GPA) de 3.00 o m\u00e1s.\u00a0<\/span><\/li>\n<li style=\"font-weight: 400\"><span style=\"font-weight: 400\">Ser estudiante subgraduado de segundo a\u00f1o en adelante.\u00a0<\/span><\/li>\n<li style=\"font-weight: 400\"><span style=\"font-weight: 400\">Ser estudiante de la Universidad de Puerto Rico Recinto de R\u00edo Piedras.<\/span><\/li>\n<li style=\"font-weight: 400\"><span style=\"font-weight: 400\">Transcripci\u00f3n de cr\u00e9ditos actualizada (bachillerato).\u00a0<\/span><\/li>\n<li style=\"font-weight: 400\"><span style=\"font-weight: 400\">Resum\u00e9.\u00a0<\/span><\/li>\n<li style=\"font-weight: 400\"><span style=\"font-weight: 400\">Carta de presentaci\u00f3n de no m\u00e1s de una p\u00e1gina.<\/span><\/li>\n<li style=\"font-weight: 400\"><span style=\"font-weight: 400\">Flexibilidad de horario.\u00a0<\/span><\/li>\n<li style=\"font-weight: 400\"><span style=\"font-weight: 400\">Trabajo escrito en espa\u00f1ol o ingl\u00e9s hecho en sus estudios de bachillerato (m\u00e1ximo de 10 p\u00e1ginas).<\/span><\/li>\n<\/ul>\n<p><b>D<\/b><b>ESTREZAS<\/b> <b>Y<\/b> <b>CUALIDADES<\/b><b>:\u00a0<\/b><\/p>\n<ul>\n<li style=\"font-weight: 400\"><span style=\"font-weight: 400\">Comunicaci\u00f3n clara y directa.\u00a0<\/span><\/li>\n<li style=\"font-weight: 400\"><span style=\"font-weight: 400\">Investigaci\u00f3n y edici\u00f3n de textos.<\/span><\/li>\n<li style=\"font-weight: 400\"><span style=\"font-weight: 400\">Destrezas orales y de escritura excelentes.\u00a0<\/span><\/li>\n<li style=\"font-weight: 400\"><span style=\"font-weight: 400\">Alto nivel de organizaci\u00f3n y atenci\u00f3n al detalle.\u00a0<\/span><\/li>\n<li style=\"font-weight: 400\"><span style=\"font-weight: 400\">Puntual.\u00a0<\/span><\/li>\n<li style=\"font-weight: 400\"><span style=\"font-weight: 400\">Motivado o motivada a trabajar con iniciativa propia.\u00a0<\/span><\/li>\n<li style=\"font-weight: 400\"><span style=\"font-weight: 400\">Conocimiento y uso del programa Microsoft Word y bases de datos.\u00a0<\/span><\/li>\n<\/ul>\n","protected":false},"excerpt":{"rendered":"<p>INTERNADO EN LA REVISTA JUR\u00cdDICA DE LA UNIVERSIDAD DE PUERTO RICO\u00a0 ACERCA DE LA REVISTA JUR\u00cdDICA:\u00a0\u00a0 La Revista Jur\u00eddica de la Universidad de Puerto Rico, fundada en el 1931, es un taller pr\u00e1ctico de investigaci\u00f3n jur\u00eddica dirigida por los y las estudiantes de la Escuela de Derecho de la Universidad de Puerto Rico. Por noventa<\/p>\n<div class=\"read-more\"><a href=\"https:\/\/derecho.uprrp.edu\/revistajuridica\/2023\/08\/13\/oportunidad-de-internado-en-la-revista-juridica-para-estudiantes-del-recinto-de-rio-piedras\/\" title=\"Read More\">Read More<\/a><\/div>\n","protected":false},"author":33,"featured_media":6695,"comment_status":"open","ping_status":"open","sticky":false,"template":"","format":"standard","meta":{"footnotes":""},"categories":[3],"tags":[],"class_list":{"0":"post-6690","1":"post","2":"type-post","3":"status-publish","4":"format-standard","5":"has-post-thumbnail","7":"category-noticias"},"_links":{"self":[{"href":"https:\/\/derecho.uprrp.edu\/revistajuridica\/wp-json\/wp\/v2\/posts\/6690","targetHints":{"allow":["GET"]}}],"collection":[{"href":"https:\/\/derecho.uprrp.edu\/revistajuridica\/wp-json\/wp\/v2\/posts"}],"about":[{"href":"https:\/\/derecho.uprrp.edu\/revistajuridica\/wp-json\/wp\/v2\/types\/post"}],"author":[{"embeddable":true,"href":"https:\/\/derecho.uprrp.edu\/revistajuridica\/wp-json\/wp\/v2\/users\/33"}],"replies":[{"embeddable":true,"href":"https:\/\/derecho.uprrp.edu\/revistajuridica\/wp-json\/wp\/v2\/comments?post=6690"}],"version-history":[{"count":2,"href":"https:\/\/derecho.uprrp.edu\/revistajuridica\/wp-json\/wp\/v2\/posts\/6690\/revisions"}],"predecessor-version":[{"id":6694,"href":"https:\/\/derecho.uprrp.edu\/revistajuridica\/wp-json\/wp\/v2\/posts\/6690\/revisions\/6694"}],"wp:featuredmedia":[{"embeddable":true,"href":"https:\/\/derecho.uprrp.edu\/revistajuridica\/wp-json\/wp\/v2\/media\/6695"}],"wp:attachment":[{"href":"https:\/\/derecho.uprrp.edu\/revistajuridica\/wp-json\/wp\/v2\/media?parent=6690"}],"wp:term":[{"taxonomy":"category","embeddable":true,"href":"https:\/\/derecho.uprrp.edu\/revistajuridica\/wp-json\/wp\/v2\/categories?post=6690"},{"taxonomy":"post_tag","embeddable":true,"href":"https:\/\/derecho.uprrp.edu\/revistajuridica\/wp-json\/wp\/v2\/tags?post=6690"}],"curies":[{"name":"wp","href":"https:\/\/api.w.org\/{rel}","templated":true}]}}