{"id":7318,"date":"2024-06-18T20:56:27","date_gmt":"2024-06-19T00:56:27","guid":{"rendered":"https:\/\/derecho.uprrp.edu\/revistajuridica\/?p=7318"},"modified":"2024-06-18T21:13:53","modified_gmt":"2024-06-19T01:13:53","slug":"volumen-92-numero-1-tema-libre","status":"publish","type":"post","link":"https:\/\/derecho.uprrp.edu\/revistajuridica\/2024\/06\/18\/volumen-92-numero-1-tema-libre\/","title":{"rendered":"Volumen 92, N\u00famero 1: Tema libre"},"content":{"rendered":"<h5 class=\"p3\">The Scourge of the Insular Cases: Ending Constitutional Apartheid in Puerto Rico<\/h5>\n<ul class=\"ul1\">\n<li class=\"li3\">Autor: Francisca D. Fajana and L\u00eda Fiol-Matta<\/li>\n<li class=\"li3\">Volumen: 92<\/li>\n<li class=\"li3\">N\u00famero: 1<\/li>\n<li class=\"li3\">P\u00e1gina inicial: 1<\/li>\n<li class=\"li3\">Cita: Francisca D. Fajana and L\u00eda Fiol-Matta, The Scourge of the Insular Cases: Ending Constitutional Apartheid in Puerto Rico, 92 REV. JUR. UPR 1 (2023).<\/li>\n<\/ul>\n<p class=\"p3\" style=\"padding-left: 40px\"><a href=\"https:\/\/derecho.uprrp.edu\/revistajuridica\/wp-content\/uploads\/sites\/4\/2024\/06\/3-The-Scourge-of-the-Insular-Cases-Ending-Constitutional-Apartheid-in-Puerto-Rico.pdf\" class=\"sc-button sc-button-red\" target=\"_blank\"><span>Art\u00edculo en PDF<\/span><\/a>\n<hr \/>\n<h5 class=\"p3\">An\u00e1lisis dogm\u00e1tico-penal del asesinato estatutario y su normatividad en Puerto Rico<\/h5>\n<ul class=\"ul1\">\n<li class=\"li3\">Autor: Luis A. Zambrana Gonz\u00e1lez<\/li>\n<li class=\"li3\">Volumen: 92<\/li>\n<li class=\"li3\">N\u00famero: 1<\/li>\n<li class=\"li3\">P\u00e1gina inicial: 21<\/li>\n<li class=\"li3\">Cita: Luis A. Zambrana Gonz\u00e1lez, An\u00e1lisis dogm\u00e1tico-penal del asesinato estatutario y su normatividad en Puerto Rico, 92 REV. JUR. UPR 21 (2023).<\/li>\n<\/ul>\n<p class=\"p3\" style=\"padding-left: 40px\"><a href=\"https:\/\/derecho.uprrp.edu\/revistajuridica\/wp-content\/uploads\/sites\/4\/2024\/06\/4-Analisis-dogmatico-penal-del-asesinato-estatutario-y-su-normatividad-en-Puerto-Rico.pdf\" class=\"sc-button sc-button-red\" target=\"_blank\"><span>Art\u00edculo en PDF<\/span><\/a>\n<hr \/>\n<h5 class=\"p3\">El derecho de representaci\u00f3n sui generis del art\u00edculo 1628 del nuevo C\u00f3digo Civil<\/h5>\n<ul class=\"ul1\">\n<li class=\"li3\">Autor: Pol Gumma Benito<\/li>\n<li class=\"li3\">Volumen: 92<\/li>\n<li class=\"li3\">N\u00famero: 1<\/li>\n<li class=\"li3\">P\u00e1gina inicial: 79<\/li>\n<li class=\"li3\">Cita: Pol Gumma Benito, El derecho de representaci\u00f3n sui generis del art\u00edculo 1628 del nuevo C\u00f3digo Civil, 92 REV. JUR. UPR 79 (2023).<\/li>\n<\/ul>\n<p class=\"p3\" style=\"padding-left: 40px\"><a href=\"https:\/\/derecho.uprrp.edu\/revistajuridica\/wp-content\/uploads\/sites\/4\/2024\/06\/5-El-derecho-de-representacion-sui-generis-del-articulo-1628-del-nuevo-Codigo-Civil.pdf\" class=\"sc-button sc-button-red\" target=\"_blank\"><span>Art\u00edculo en PDF<\/span><\/a>\n<hr \/>\n<h5 class=\"p3\">El legislador por acumulaci\u00f3n: historia y relevancia<\/h5>\n<ul class=\"ul1\">\n<li class=\"li3\">Autor: Fabiola L. P\u00e9rez Pamblanco<\/li>\n<li class=\"li3\">Volumen: 92<\/li>\n<li class=\"li3\">N\u00famero: 1<\/li>\n<li class=\"li3\">P\u00e1gina inicial: 99<\/li>\n<li class=\"li3\">Cita: Fabiola L. P\u00e9rez Pamblanco, El legislador por acumulaci\u00f3n: historia y relevancia, 92 REV. JUR. UPR 99 (2023).<\/li>\n<\/ul>\n<p class=\"p3\" style=\"padding-left: 40px\"><a href=\"https:\/\/derecho.uprrp.edu\/revistajuridica\/wp-content\/uploads\/sites\/4\/2024\/06\/6-El-legislador-por-acumulacion-historia-y-relevancia.pdf\" class=\"sc-button sc-button-red\" target=\"_blank\"><span>Art\u00edculo en PDF<\/span><\/a>\n<hr \/>\n<h5 class=\"p3\">Propuesta: Pol\u00edtica inclusiva de adaptaci\u00f3n a la crisis clim\u00e1tica dirigida a las comunidades empobrecidas para gozar de una vida adecuada<\/h5>\n<ul class=\"ul1\">\n<li class=\"li3\">Autor: Soraya S. Valent\u00edn Casiano<\/li>\n<li class=\"li3\">Volumen: 92<\/li>\n<li class=\"li3\">N\u00famero: 1<\/li>\n<li class=\"li3\">P\u00e1gina inicial: 131<\/li>\n<li class=\"li3\">Cita: Soraya S. Valent\u00edn Casiano, Propuesta: Pol\u00edtica inclusiva de adaptaci\u00f3n a la crisis clim\u00e1tica dirigida a las comunidades empobrecidas para gozar de una vida adecuada, 92 REV. JUR. UPR 131 (2023).<\/li>\n<\/ul>\n<p class=\"p3\" style=\"padding-left: 40px\"><a href=\"https:\/\/derecho.uprrp.edu\/revistajuridica\/wp-content\/uploads\/sites\/4\/2024\/06\/7-Propuesta-Politica-inclusiva-de-adaptacion-a-la-crisis-climatica-dirigida-a-las-comu-nidades-empobrecidas-para-gozar-de-una-vida-adecuada.pdf\" class=\"sc-button sc-button-red\" target=\"_blank\"><span>Art\u00edculo en PDF<\/span><\/a>\n<hr \/>\n<h5 class=\"p3\">La recuperaci\u00f3n de los espacios recreativos al aire libre en Puerto Rico: Retos y oportunidades<\/h5>\n<ul class=\"ul1\">\n<li class=\"li3\">Autor: Naudelis Fern\u00e1ndez Reyes y Carlos A. Gonz\u00e1lez Cofi\u00f1o<\/li>\n<li class=\"li3\">Volumen: 92<\/li>\n<li class=\"li3\">N\u00famero: 1<\/li>\n<li class=\"li3\">P\u00e1gina inicial: 143<\/li>\n<li class=\"li3\">Cita: Naudelis Fern\u00e1ndez Reyes y Carlos A. Gonz\u00e1lez Cofi\u00f1o, La recuperaci\u00f3n de los espacios recreativos al aire libre en Puerto Rico: Retos y oportunidades, 92 REV. JUR. UPR 143 (2023).<\/li>\n<\/ul>\n<p class=\"p3\" style=\"padding-left: 40px\"><a href=\"https:\/\/derecho.uprrp.edu\/revistajuridica\/wp-content\/uploads\/sites\/4\/2024\/06\/8-La-recuperacion-de-los-espacios-recreativos-al-aire-libre-en-Puerto-Rico-Retos-y-oportunidades.pdf\" class=\"sc-button sc-button-red\" target=\"_blank\"><span>Art\u00edculo en PDF<\/span><\/a>\n<p class=\"p3\" style=\"padding-left: 40px\">\n","protected":false},"excerpt":{"rendered":"<p>The Scourge of the Insular Cases: Ending Constitutional Apartheid in Puerto Rico Autor: Francisca D. Fajana and L\u00eda Fiol-Matta Volumen: 92 N\u00famero: 1 P\u00e1gina inicial: 1 Cita: Francisca D. Fajana and L\u00eda Fiol-Matta, The Scourge of the Insular Cases: Ending Constitutional Apartheid in Puerto Rico, 92 REV. JUR. UPR 1 (2023). An\u00e1lisis dogm\u00e1tico-penal del asesinato<\/p>\n<div class=\"read-more\"><a href=\"https:\/\/derecho.uprrp.edu\/revistajuridica\/2024\/06\/18\/volumen-92-numero-1-tema-libre\/\" title=\"Read More\">Read More<\/a><\/div>\n","protected":false},"author":34,"featured_media":0,"comment_status":"open","ping_status":"open","sticky":false,"template":"","format":"standard","meta":{"footnotes":""},"categories":[1],"tags":[],"class_list":{"0":"post-7318","1":"post","2":"type-post","3":"status-publish","4":"format-standard","6":"category-uncategorized"},"_links":{"self":[{"href":"https:\/\/derecho.uprrp.edu\/revistajuridica\/wp-json\/wp\/v2\/posts\/7318","targetHints":{"allow":["GET"]}}],"collection":[{"href":"https:\/\/derecho.uprrp.edu\/revistajuridica\/wp-json\/wp\/v2\/posts"}],"about":[{"href":"https:\/\/derecho.uprrp.edu\/revistajuridica\/wp-json\/wp\/v2\/types\/post"}],"author":[{"embeddable":true,"href":"https:\/\/derecho.uprrp.edu\/revistajuridica\/wp-json\/wp\/v2\/users\/34"}],"replies":[{"embeddable":true,"href":"https:\/\/derecho.uprrp.edu\/revistajuridica\/wp-json\/wp\/v2\/comments?post=7318"}],"version-history":[{"count":4,"href":"https:\/\/derecho.uprrp.edu\/revistajuridica\/wp-json\/wp\/v2\/posts\/7318\/revisions"}],"predecessor-version":[{"id":7330,"href":"https:\/\/derecho.uprrp.edu\/revistajuridica\/wp-json\/wp\/v2\/posts\/7318\/revisions\/7330"}],"wp:attachment":[{"href":"https:\/\/derecho.uprrp.edu\/revistajuridica\/wp-json\/wp\/v2\/media?parent=7318"}],"wp:term":[{"taxonomy":"category","embeddable":true,"href":"https:\/\/derecho.uprrp.edu\/revistajuridica\/wp-json\/wp\/v2\/categories?post=7318"},{"taxonomy":"post_tag","embeddable":true,"href":"https:\/\/derecho.uprrp.edu\/revistajuridica\/wp-json\/wp\/v2\/tags?post=7318"}],"curies":[{"name":"wp","href":"https:\/\/api.w.org\/{rel}","templated":true}]}}