{"id":7407,"date":"2024-08-08T09:34:49","date_gmt":"2024-08-08T13:34:49","guid":{"rendered":"https:\/\/derecho.uprrp.edu\/revistajuridica\/?p=7407"},"modified":"2024-08-11T12:05:27","modified_gmt":"2024-08-11T16:05:27","slug":"la-junta-editora-del-volumen-94-anuncia-su-linea-editorial","status":"publish","type":"post","link":"https:\/\/derecho.uprrp.edu\/revistajuridica\/2024\/08\/08\/la-junta-editora-del-volumen-94-anuncia-su-linea-editorial\/","title":{"rendered":"La Junta Editora del Volumen 94 anuncia su l\u00ednea editorial"},"content":{"rendered":"<p>A la comunidad acad\u00e9mica y juristas:<\/p>\n<p>Reciban un cordial saludo de la Junta Editora del Volumen XCIV.<\/p>\n<p>Nos complace presentar a ustedes las l\u00edneas editoriales que abarcar\u00e1n el Volumen 94 de la Revista Jur\u00eddica.<\/p>\n<p>La primera l\u00ednea editorial se titula <em><strong>El Derecho como un Fen\u00f3meno Social: El deterioro de servicios esenciales en Puerto Rico.<\/strong>\u00a0<\/em>Agravios en el sistema de salud, agua, energ\u00eda, vivienda, entre otras \u00e1reas de necesidad b\u00e1sica han sido afectado por el pobre mantenimiento, la corrupci\u00f3n y la burocracia del pa\u00eds. En esta l\u00ednea editorial, exhortamos a la comunidad a que examine desde una perspectiva legal cu\u00e1les son los servicios esenciales de los puertorrique\u00f1os, por qu\u00e9 se han deteriorado y qu\u00e9 soluciones puede aportar la comunidad jur\u00eddica.<\/p>\n<dl class=\"sc-accordions\"><dt class=\"sc-accordion-title\"><a href=\"#\"> Posibles temas para <em>El Derecho como un Fen\u00f3meno Social: El deterioro de servicios esenciales en Puerto Rico<\/em><\/a><\/dt><dd class=\"sc-accordion-pane\">\n<ol>\n<li>Salud<\/li>\n<li>Energ\u00eda<\/li>\n<li>Vivienda<\/li>\n<li>Seguridad alimentaria<\/li>\n<li>Recursos naturales<\/li>\n<li>Transportaci\u00f3n<\/li>\n<li>Interpretraci\u00f3n de servicios esenciales a personas mayores<\/li>\n<\/ol>\n<\/dd>\n<\/dl>\n<p>La segunda l\u00ednea editorial, <em><strong>Libertad de Expresi\u00f3n en la Era Digital<\/strong>, <\/em>va dirigida a la intersecci\u00f3n de la libertad de expresi\u00f3n con la tecnolog\u00eda. Cada vez m\u00e1s nos adentramos en un mundo interconectado donde las ideas tienen la capacidad de llegar a cualquier parte del mundo. Aunque es una herramienta valiosa para la difusi\u00f3n de ideas, su poca regulaci\u00f3n crea incertidumbres en cuanto a la privacidad de datos, la libertad de expresi\u00f3n y el uso de inteligencia artificial. Esta l\u00ednea editorial va dirigida a los retos que pone la libertad de expresi\u00f3n con la tecnolog\u00eda .Ejemplos de esta l\u00ednea editorial serian los siguientes:<\/p>\n<dl class=\"sc-accordions\"><dt class=\"sc-accordion-title\"><a href=\"#\"> Posibles temas para <em>Libertad de Expresi\u00f3n en la Era Digital<\/em><\/a><\/dt><dd class=\"sc-accordion-pane\">\n<ol>\n<li>Desinformaci\u00f3n en las campa\u00f1as pol\u00edticas<\/li>\n<li>Regulaci\u00f3n de datos por las agencias gubernamentales<\/li>\n<li>Regulaci\u00f3n de datos por las redes sociales<\/li>\n<li>Libertad de expresi\u00f3n e inteligencia artificial<\/li>\n<li>Divulgaci\u00f3n de informaci\u00f3n clasificada<\/li>\n<li>Arte en los medios digitales<\/li>\n<\/ol>\n<\/dd>\n<\/dl>\n<p>Nuestro pa\u00eds enfrenta grandes retos que requieren de una clase jurista informada que pueda atender la coyuntura actual. Solicitamos que <span style=\"text-decoration: underline\">nos comuniquen su intenci\u00f3n para escribir un art\u00edculo sobre el tema, a m\u00e1s tardar el <strong>30 de agosto de 2024<\/strong><\/span>. Les invitamos a que contin\u00faen pendientes a nuestras redes sociales para m\u00e1s informaci\u00f3n de nuestras convocatorias y a que <span style=\"text-decoration: underline\">env\u00eden sus art\u00edculos sobre este tema en o antes del <strong>1 de noviembre de 2024<\/strong>,<\/span> a revistajuridica.derecho@upr.edu.<\/p>\n<p>Cordialmente,<\/p>\n<p>Junta Editora, Volumen XCIV<br \/>\nRevista Jur\u00eddica, Universidad de Puerto Rico<\/p>\n","protected":false},"excerpt":{"rendered":"<p>A la comunidad acad\u00e9mica y juristas: Reciban un cordial saludo de la Junta Editora del Volumen XCIV. Nos complace presentar a ustedes las l\u00edneas editoriales que abarcar\u00e1n el Volumen 94 de la Revista Jur\u00eddica. La primera l\u00ednea editorial se titula El Derecho como un Fen\u00f3meno Social: El deterioro de servicios esenciales en Puerto Rico.\u00a0Agravios en<\/p>\n<div class=\"read-more\"><a href=\"https:\/\/derecho.uprrp.edu\/revistajuridica\/2024\/08\/08\/la-junta-editora-del-volumen-94-anuncia-su-linea-editorial\/\" title=\"Read More\">Read More<\/a><\/div>\n","protected":false},"author":34,"featured_media":7516,"comment_status":"open","ping_status":"open","sticky":false,"template":"","format":"standard","meta":{"footnotes":""},"categories":[3],"tags":[],"class_list":{"0":"post-7407","1":"post","2":"type-post","3":"status-publish","4":"format-standard","5":"has-post-thumbnail","7":"category-noticias"},"_links":{"self":[{"href":"https:\/\/derecho.uprrp.edu\/revistajuridica\/wp-json\/wp\/v2\/posts\/7407","targetHints":{"allow":["GET"]}}],"collection":[{"href":"https:\/\/derecho.uprrp.edu\/revistajuridica\/wp-json\/wp\/v2\/posts"}],"about":[{"href":"https:\/\/derecho.uprrp.edu\/revistajuridica\/wp-json\/wp\/v2\/types\/post"}],"author":[{"embeddable":true,"href":"https:\/\/derecho.uprrp.edu\/revistajuridica\/wp-json\/wp\/v2\/users\/34"}],"replies":[{"embeddable":true,"href":"https:\/\/derecho.uprrp.edu\/revistajuridica\/wp-json\/wp\/v2\/comments?post=7407"}],"version-history":[{"count":23,"href":"https:\/\/derecho.uprrp.edu\/revistajuridica\/wp-json\/wp\/v2\/posts\/7407\/revisions"}],"predecessor-version":[{"id":7515,"href":"https:\/\/derecho.uprrp.edu\/revistajuridica\/wp-json\/wp\/v2\/posts\/7407\/revisions\/7515"}],"wp:featuredmedia":[{"embeddable":true,"href":"https:\/\/derecho.uprrp.edu\/revistajuridica\/wp-json\/wp\/v2\/media\/7516"}],"wp:attachment":[{"href":"https:\/\/derecho.uprrp.edu\/revistajuridica\/wp-json\/wp\/v2\/media?parent=7407"}],"wp:term":[{"taxonomy":"category","embeddable":true,"href":"https:\/\/derecho.uprrp.edu\/revistajuridica\/wp-json\/wp\/v2\/categories?post=7407"},{"taxonomy":"post_tag","embeddable":true,"href":"https:\/\/derecho.uprrp.edu\/revistajuridica\/wp-json\/wp\/v2\/tags?post=7407"}],"curies":[{"name":"wp","href":"https:\/\/api.w.org\/{rel}","templated":true}]}}