{"id":754,"date":"2016-05-17T22:19:44","date_gmt":"2016-05-17T22:19:44","guid":{"rendered":"http:\/\/revistajuridica.uprrp.edu\/wp\/?p=754"},"modified":"2022-06-27T16:11:57","modified_gmt":"2022-06-27T16:11:57","slug":"critica-a-una-resolucion-anunciada-reglamentacion-del-procedimiento-disciplinario-y-la-defensa-de-prescripcion-alberto-bernabe","status":"publish","type":"post","link":"https:\/\/derecho.uprrp.edu\/revistajuridica\/2016\/05\/17\/critica-a-una-resolucion-anunciada-reglamentacion-del-procedimiento-disciplinario-y-la-defensa-de-prescripcion-alberto-bernabe\/","title":{"rendered":"Cr\u00edtica a una resoluci\u00f3n anunciada"},"content":{"rendered":"<p><strong>Cita:<\/strong> Alberto Bernabe,\u00a0<em>Cr\u00edtica a una resoluci\u00f3n anunciada: Reglamentaci\u00f3n del procedimiento disciplinario y la defensa de prescripci\u00f3n<\/em>, 85 Rev. Jur. Dig. UPR\u00a016\u00a0(2016).<\/p>\n<p style=\"text-align: center;\"><a href=\"https:\/\/derecho.uprrp.edu\/revistajuridica\/wp-content\/uploads\/sites\/4\/2016\/06\/85-Rev.-Jur.-Dig.-UPR-16-2016.pdf\" target=\"_blank\" rel=\"noopener\"><img loading=\"lazy\" decoding=\"async\" class=\"alignnone wp-image-1223 size-full\" src=\"https:\/\/derecho.uprrp.edu\/revistajuridica\/wp-content\/uploads\/sites\/4\/2016\/06\/descargar-pdf.jpg\" alt=\"descargar-pdf\" width=\"149\" height=\"55\" \/><\/a><\/p>\n","protected":false},"excerpt":{"rendered":"<p>Alberto Bernabe, 85 Rev. Jur. Dig. UPR 16 (2016).<\/p>\n","protected":false},"author":17,"featured_media":326,"comment_status":"open","ping_status":"open","sticky":false,"template":"","format":"standard","meta":{"footnotes":""},"categories":[93],"tags":[],"class_list":{"0":"post-754","1":"post","2":"type-post","3":"status-publish","4":"format-standard","5":"has-post-thumbnail","7":"category-dig-vol85"},"_links":{"self":[{"href":"https:\/\/derecho.uprrp.edu\/revistajuridica\/wp-json\/wp\/v2\/posts\/754","targetHints":{"allow":["GET"]}}],"collection":[{"href":"https:\/\/derecho.uprrp.edu\/revistajuridica\/wp-json\/wp\/v2\/posts"}],"about":[{"href":"https:\/\/derecho.uprrp.edu\/revistajuridica\/wp-json\/wp\/v2\/types\/post"}],"author":[{"embeddable":true,"href":"https:\/\/derecho.uprrp.edu\/revistajuridica\/wp-json\/wp\/v2\/users\/17"}],"replies":[{"embeddable":true,"href":"https:\/\/derecho.uprrp.edu\/revistajuridica\/wp-json\/wp\/v2\/comments?post=754"}],"version-history":[{"count":1,"href":"https:\/\/derecho.uprrp.edu\/revistajuridica\/wp-json\/wp\/v2\/posts\/754\/revisions"}],"predecessor-version":[{"id":6449,"href":"https:\/\/derecho.uprrp.edu\/revistajuridica\/wp-json\/wp\/v2\/posts\/754\/revisions\/6449"}],"wp:featuredmedia":[{"embeddable":true,"href":"https:\/\/derecho.uprrp.edu\/revistajuridica\/wp-json\/wp\/v2\/media\/326"}],"wp:attachment":[{"href":"https:\/\/derecho.uprrp.edu\/revistajuridica\/wp-json\/wp\/v2\/media?parent=754"}],"wp:term":[{"taxonomy":"category","embeddable":true,"href":"https:\/\/derecho.uprrp.edu\/revistajuridica\/wp-json\/wp\/v2\/categories?post=754"},{"taxonomy":"post_tag","embeddable":true,"href":"https:\/\/derecho.uprrp.edu\/revistajuridica\/wp-json\/wp\/v2\/tags?post=754"}],"curies":[{"name":"wp","href":"https:\/\/api.w.org\/{rel}","templated":true}]}}